{"id":137114,"date":"2019-03-30T07:20:32","date_gmt":"2019-03-30T10:20:32","guid":{"rendered":"https:\/\/diarioregionaldigital.com.br\/?p=137114"},"modified":"2019-03-30T07:20:32","modified_gmt":"2019-03-30T10:20:32","slug":"bolsonaro-confia-em-rapida-tramitacao-da-reforma-da-previdencia","status":"publish","type":"post","link":"https:\/\/diarioregionaldigital.com.br\/?p=137114","title":{"rendered":"Bolsonaro confia em r\u00e1pida tramita\u00e7\u00e3o da reforma da Previd\u00eancia"},"content":{"rendered":"<p>O porta-voz da Presid\u00eancia da Rep\u00fablica, Ot\u00e1vio R\u00eago Barros, disse nessa sexta-feira, 29, que o presidente Jair Bolsonaro est\u00e1 confiante na r\u00e1pida tramita\u00e7\u00e3o da proposta de\u00a0reforma da Previd\u00eancia na Comiss\u00e3o de Constitui\u00e7\u00e3o e Justi\u00e7a (CCJ) da C\u00e2mara, ap\u00f3s a escolha do deputado federal Marcelo Freitas (PSL-MG) para relatar a mat\u00e9ria.<\/p>\n<p>&#8220;O presidente est\u00e1 confiante de que a nomea\u00e7\u00e3o do deputado Marcelo Freitas (PSL-MG) para o cargo de relator na CCJ da C\u00e2mara permitir\u00e1 um r\u00e1pido desenlace com a\u00a0admissibilidade da Nova Previd\u00eancia&#8221;, afirmou R\u00eago Barros.<\/p>\n<p>CCJ \u00e9 a primeira etapa da tramita\u00e7\u00e3o da reforma. Cabe \u00e0 comiss\u00e3o analisar se a proposta do governo est\u00e1 de acordo com a Constitui\u00e7\u00e3o, o chamado exame de\u00a0admissibilidade. A vota\u00e7\u00e3o da admissibilidade est\u00e1 prevista para ocorrer no dia\u00a017 de abril.<\/p>\n<p>Ainda segundo o porta-voz, o ministro da Economia, Paulo Guedes, est\u00e1 promovendo um &#8220;mutir\u00e3o&#8221; de esclarecimento aos parlamentares sobre a reforma. Na pr\u00f3xima\u00a0quarta-feira, 3, Guedes \u00e9 esperado para falar aos deputados na CCJ. O ministro esteve na\u00a0Comiss\u00e3o de Assuntos\u00a0Econ\u00f4micos\u00a0do Senado, na \u00faltima\u00a0quarta-feira, 27.<\/p>\n<p>Se o texto for admitido pela maioria simples na CCJ, seguir\u00e1 para uma comiss\u00e3o especial, respons\u00e1vel por analisar o conte\u00fado da proposta. Em seguida, o projeto vai ao plen\u00e1rio, mas nessa etapa precisa de apoio de dois\u00a0ter\u00e7os dos deputados (308 votos), em dois turnos de vota\u00e7\u00e3o, por se tratar de uma emenda\u00a0constitucional.<\/p>\n<h2>Lei anticrime<\/h2>\n<p>O porta-voz da Presid\u00eancia da Rep\u00fablica tamb\u00e9m reiterou que Jair Bolsonaro quer agilidade na tramita\u00e7\u00e3o do projeto de lei anticrime, apresentado pelo ministro da Justi\u00e7a e Seguran\u00e7a P\u00fablica,\u00a0Sergio Moro.<\/p>\n<p>A proposta, que foi apresentado ao Congresso Nacional no m\u00eas passado, prev\u00ea mudan\u00e7as em 14 leis, entre elas, o C\u00f3digo Penal, Lei de Execu\u00e7\u00e3o Penal, Lei de Crimes Hediondos e C\u00f3digo Eleitoral. A inten\u00e7\u00e3o, segundo o Minist\u00e9rio da Justi\u00e7a e Seguran\u00e7a P\u00fablica, \u00e9 combater a corrup\u00e7\u00e3o, crimes violentos e fac\u00e7\u00f5es criminosas. Essa semana, Moro e o presidente da C\u00e2mara, Rodrigo Maia,\u00a0se reuniram para debater a tramita\u00e7\u00e3o da proposta.<\/p>\n<p>&#8220;O Brasil clama por a\u00e7\u00f5es nessa \u00e1rea e o presidente considera que n\u00e3o pode ser deixada para depois&#8221;, enfatizou R\u00eago Barros.<\/p>\n<p>Fonte: Ag\u00eancia Brasil<\/p>\n","protected":false},"excerpt":{"rendered":"<p>O porta-voz da Presid\u00eancia da Rep\u00fablica, Ot\u00e1vio R\u00eago Barros, disse nessa sexta-feira, 29, que o presidente Jair Bolsonaro est\u00e1 confiante na r\u00e1pida tramita\u00e7\u00e3o da proposta de\u00a0reforma da Previd\u00eancia na Comiss\u00e3o de Constitui\u00e7\u00e3o e Justi\u00e7a (CCJ) da C\u00e2mara, ap\u00f3s a escolha do deputado federal Marcelo Freitas (PSL-MG) para relatar a mat\u00e9ria. &#8220;O presidente est\u00e1 confiante de [&hellip;]<\/p>\n","protected":false},"author":96,"featured_media":137117,"comment_status":"closed","ping_status":"closed","sticky":false,"template":"","format":"standard","meta":{"footnotes":""},"categories":[436,254,439],"tags":[],"class_list":["post-137114","post","type-post","status-publish","format-standard","has-post-thumbnail","hentry","category-destaque-da-semana","category-politica","category-ultima-hora"],"_links":{"self":[{"href":"https:\/\/diarioregionaldigital.com.br\/index.php?rest_route=\/wp\/v2\/posts\/137114","targetHints":{"allow":["GET"]}}],"collection":[{"href":"https:\/\/diarioregionaldigital.com.br\/index.php?rest_route=\/wp\/v2\/posts"}],"about":[{"href":"https:\/\/diarioregionaldigital.com.br\/index.php?rest_route=\/wp\/v2\/types\/post"}],"author":[{"embeddable":true,"href":"https:\/\/diarioregionaldigital.com.br\/index.php?rest_route=\/wp\/v2\/users\/96"}],"replies":[{"embeddable":true,"href":"https:\/\/diarioregionaldigital.com.br\/index.php?rest_route=%2Fwp%2Fv2%2Fcomments&post=137114"}],"version-history":[{"count":0,"href":"https:\/\/diarioregionaldigital.com.br\/index.php?rest_route=\/wp\/v2\/posts\/137114\/revisions"}],"wp:featuredmedia":[{"embeddable":true,"href":"https:\/\/diarioregionaldigital.com.br\/index.php?rest_route=\/wp\/v2\/media\/137117"}],"wp:attachment":[{"href":"https:\/\/diarioregionaldigital.com.br\/index.php?rest_route=%2Fwp%2Fv2%2Fmedia&parent=137114"}],"wp:term":[{"taxonomy":"category","embeddable":true,"href":"https:\/\/diarioregionaldigital.com.br\/index.php?rest_route=%2Fwp%2Fv2%2Fcategories&post=137114"},{"taxonomy":"post_tag","embeddable":true,"href":"https:\/\/diarioregionaldigital.com.br\/index.php?rest_route=%2Fwp%2Fv2%2Ftags&post=137114"}],"curies":[{"name":"wp","href":"https:\/\/api.w.org\/{rel}","templated":true}]}}