{"id":137113,"date":"2019-03-30T07:17:42","date_gmt":"2019-03-30T10:17:42","guid":{"rendered":"https:\/\/diarioregionaldigital.com.br\/?p=137113"},"modified":"2019-03-30T07:17:42","modified_gmt":"2019-03-30T10:17:42","slug":"suspeitos-de-matar-marielle-sao-transferidos-para-presidio-federal","status":"publish","type":"post","link":"https:\/\/diarioregionaldigital.com.br\/?p=137113","title":{"rendered":"Suspeitos de matar Marielle s\u00e3o transferidos para pres\u00eddio federal"},"content":{"rendered":"<p>Os ex-policiais militares Ronnie Lessa e \u00c9lcio Queiroz, suspeitos de terem matado a vereadora Marielle Franco e o motorista Anderson Gomes, foram transferidos para um pres\u00eddio federal no Rio Grande do Norte. A transfer\u00eancia ocorreu na quinta-feira, 28, mas s\u00f3 foi divulgada nesta sexta-feira (29), por motivos de seguran\u00e7a.<\/p>\n<p>A informa\u00e7\u00e3o foi confirmada pela Secretaria de Estado de Administra\u00e7\u00e3o Penitenci\u00e1ria (Seap). Eles foram presos no \u00faltimo dia 12 e atualmente estavam detidos em pres\u00eddio de seguran\u00e7a m\u00e1xima no Complexo Prisional de Bangu. Ronnie foi preso ainda de madrugada, se preparando para sair de casa, em um condom\u00ednio de luxo na Barra da Tijuca, mesma situa\u00e7\u00e3o de Queiroz, que mora no bairro Engenho de Dentro, na zona norte.<\/p>\n<p>As investiga\u00e7\u00f5es continuam, com objetivo de se descobrir quem teriam sido os mandantes dos assassinatos, embora o Minist\u00e9rio P\u00fablico n\u00e3o descarte a possibilidade de ter sido um crime motivado por \u00f3dio de Ronnie contra a vereadora.<\/p>\n<p>&nbsp;<\/p>\n<p>Fonte: Ag\u00eancia Brasil<\/p>\n","protected":false},"excerpt":{"rendered":"<p>Os ex-policiais militares Ronnie Lessa e \u00c9lcio Queiroz, suspeitos de terem matado a vereadora Marielle Franco e o motorista Anderson Gomes, foram transferidos para um pres\u00eddio federal no Rio Grande do Norte. A transfer\u00eancia ocorreu na quinta-feira, 28, mas s\u00f3 foi divulgada nesta sexta-feira (29), por motivos de seguran\u00e7a. A informa\u00e7\u00e3o foi confirmada pela Secretaria [&hellip;]<\/p>\n","protected":false},"author":96,"featured_media":136042,"comment_status":"closed","ping_status":"closed","sticky":false,"template":"","format":"standard","meta":{"footnotes":""},"categories":[302,436,439],"tags":[],"class_list":["post-137113","post","type-post","status-publish","format-standard","has-post-thumbnail","hentry","category-brasil-mundo","category-destaque-da-semana","category-ultima-hora"],"_links":{"self":[{"href":"https:\/\/diarioregionaldigital.com.br\/index.php?rest_route=\/wp\/v2\/posts\/137113","targetHints":{"allow":["GET"]}}],"collection":[{"href":"https:\/\/diarioregionaldigital.com.br\/index.php?rest_route=\/wp\/v2\/posts"}],"about":[{"href":"https:\/\/diarioregionaldigital.com.br\/index.php?rest_route=\/wp\/v2\/types\/post"}],"author":[{"embeddable":true,"href":"https:\/\/diarioregionaldigital.com.br\/index.php?rest_route=\/wp\/v2\/users\/96"}],"replies":[{"embeddable":true,"href":"https:\/\/diarioregionaldigital.com.br\/index.php?rest_route=%2Fwp%2Fv2%2Fcomments&post=137113"}],"version-history":[{"count":0,"href":"https:\/\/diarioregionaldigital.com.br\/index.php?rest_route=\/wp\/v2\/posts\/137113\/revisions"}],"wp:featuredmedia":[{"embeddable":true,"href":"https:\/\/diarioregionaldigital.com.br\/index.php?rest_route=\/wp\/v2\/media\/136042"}],"wp:attachment":[{"href":"https:\/\/diarioregionaldigital.com.br\/index.php?rest_route=%2Fwp%2Fv2%2Fmedia&parent=137113"}],"wp:term":[{"taxonomy":"category","embeddable":true,"href":"https:\/\/diarioregionaldigital.com.br\/index.php?rest_route=%2Fwp%2Fv2%2Fcategories&post=137113"},{"taxonomy":"post_tag","embeddable":true,"href":"https:\/\/diarioregionaldigital.com.br\/index.php?rest_route=%2Fwp%2Fv2%2Ftags&post=137113"}],"curies":[{"name":"wp","href":"https:\/\/api.w.org\/{rel}","templated":true}]}}