{"id":137094,"date":"2019-03-29T14:37:46","date_gmt":"2019-03-29T17:37:46","guid":{"rendered":"https:\/\/diarioregionaldigital.com.br\/?p=137094"},"modified":"2019-03-29T14:37:46","modified_gmt":"2019-03-29T17:37:46","slug":"projeto-social-promove-festival-de-cultura-no-teatro-paschoal-carlos-magno","status":"publish","type":"post","link":"https:\/\/diarioregionaldigital.com.br\/?p=137094","title":{"rendered":"Projeto social promove festival de cultura no Teatro \u201cPaschoal Carlos Magno\u201d"},"content":{"rendered":"<p>No domingo, 31, \u00e0s 17 horas, o Teatro \u201cPaschoal Carlos Magno\u201d (Rua Gilberto de Alencar &#8211; Centro) ser\u00e1 palco do projeto \u201cFor\u00e7a Jovem\u201d. L\u00e1, cerca de 50 jovens se apresentar\u00e3o no evento \u201cFest Cultura\u201d, mostrando os conhecimentos adquiridos nas \u00e1reas de dan\u00e7a, m\u00fasica e teatro. A entrada \u00e9 gratuita e livre para todos os p\u00fablicos.<\/p>\n<p>O \u201cFor\u00e7a Jovem\u201d promove trabalho volunt\u00e1rio em diversas entidades sociais em Juiz de Fora, como Aldeia S.O.S. e Educand\u00e1rio \u201cCarlos Chagas\u201d. O programa tamb\u00e9m oferece oficina cultural, com aulas de m\u00fasica, teatro e dan\u00e7a, ministradas por Talita Freitas. O p\u00fablico-alvo s\u00e3o pessoas que recebem assist\u00eancia do projeto, como moradores de rua e dependentes qu\u00edmicos.<\/p>\n<p>No n\u00famero musical, os alunos tocar\u00e3o viol\u00e3o, com repert\u00f3rio variado, que incluir\u00e1 m\u00fasicas cl\u00e1ssicas, pop e internacionais. As dan\u00e7as ser\u00e3o de estilo urbano e bal\u00e9. O segmento teatral ter\u00e1 dois roteiros: uma com\u00e9dia, de dez minutos, narrando as aventuras de um jovem que consegue se teletransportar no tempo, e o segundo, com 30 minutos, um drama baseado na hist\u00f3ria de Jesus e seus valores.<\/p>\n<p>Essa \u00e9 a segunda vez que o projeto \u201cFor\u00e7a Jovem\u201d promover\u00e1 a apresenta\u00e7\u00e3o. O espet\u00e1culo marcar\u00e1 tamb\u00e9m a estreia do \u201cFest Cultura\u201d no Teatro \u201cPaschoal Carlos Magno\u201d.<\/p>\n<p>&nbsp;<\/p>\n<p>Fonte: PJF<\/p>\n","protected":false},"excerpt":{"rendered":"<p>No domingo, 31, \u00e0s 17 horas, o Teatro \u201cPaschoal Carlos Magno\u201d (Rua Gilberto de Alencar &#8211; Centro) ser\u00e1 palco do projeto \u201cFor\u00e7a Jovem\u201d. L\u00e1, cerca de 50 jovens se apresentar\u00e3o no evento \u201cFest Cultura\u201d, mostrando os conhecimentos adquiridos nas \u00e1reas de dan\u00e7a, m\u00fasica e teatro. A entrada \u00e9 gratuita e livre para todos os p\u00fablicos. [&hellip;]<\/p>\n","protected":false},"author":96,"featured_media":137095,"comment_status":"closed","ping_status":"closed","sticky":false,"template":"","format":"standard","meta":{"footnotes":""},"categories":[256,436,262,439],"tags":[],"class_list":["post-137094","post","type-post","status-publish","format-standard","has-post-thumbnail","hentry","category-cultura","category-destaque-da-semana","category-noticias","category-ultima-hora"],"_links":{"self":[{"href":"https:\/\/diarioregionaldigital.com.br\/index.php?rest_route=\/wp\/v2\/posts\/137094","targetHints":{"allow":["GET"]}}],"collection":[{"href":"https:\/\/diarioregionaldigital.com.br\/index.php?rest_route=\/wp\/v2\/posts"}],"about":[{"href":"https:\/\/diarioregionaldigital.com.br\/index.php?rest_route=\/wp\/v2\/types\/post"}],"author":[{"embeddable":true,"href":"https:\/\/diarioregionaldigital.com.br\/index.php?rest_route=\/wp\/v2\/users\/96"}],"replies":[{"embeddable":true,"href":"https:\/\/diarioregionaldigital.com.br\/index.php?rest_route=%2Fwp%2Fv2%2Fcomments&post=137094"}],"version-history":[{"count":0,"href":"https:\/\/diarioregionaldigital.com.br\/index.php?rest_route=\/wp\/v2\/posts\/137094\/revisions"}],"wp:featuredmedia":[{"embeddable":true,"href":"https:\/\/diarioregionaldigital.com.br\/index.php?rest_route=\/wp\/v2\/media\/137095"}],"wp:attachment":[{"href":"https:\/\/diarioregionaldigital.com.br\/index.php?rest_route=%2Fwp%2Fv2%2Fmedia&parent=137094"}],"wp:term":[{"taxonomy":"category","embeddable":true,"href":"https:\/\/diarioregionaldigital.com.br\/index.php?rest_route=%2Fwp%2Fv2%2Fcategories&post=137094"},{"taxonomy":"post_tag","embeddable":true,"href":"https:\/\/diarioregionaldigital.com.br\/index.php?rest_route=%2Fwp%2Fv2%2Ftags&post=137094"}],"curies":[{"name":"wp","href":"https:\/\/api.w.org\/{rel}","templated":true}]}}