{"id":137090,"date":"2019-03-29T14:33:50","date_gmt":"2019-03-29T17:33:50","guid":{"rendered":"https:\/\/diarioregionaldigital.com.br\/?p=137090"},"modified":"2019-03-29T14:33:50","modified_gmt":"2019-03-29T17:33:50","slug":"toffoli-defende-retirada-de-questoes-tributarias-da-constituicao","status":"publish","type":"post","link":"https:\/\/diarioregionaldigital.com.br\/?p=137090","title":{"rendered":"Toffoli defende retirada de quest\u00f5es tribut\u00e1rias da Constitui\u00e7\u00e3o"},"content":{"rendered":"<p>O presidente do Superior Tribunal Federal (STF), Dias ToffoIi, defendeu nesta sexta-feira, 29, a simplifica\u00e7\u00e3o da reforma tribut\u00e1ria e a retirada de temas relacionados \u00e0 tributa\u00e7\u00e3o da Constitui\u00e7\u00e3o Federal. Ele participou de evento na Funda\u00e7\u00e3o Getulio Vargas (FGV) na capital paulista.<\/p>\n<p>\u201cSe est\u00e1 na Constitui\u00e7\u00e3o, vai parar na Justi\u00e7a e vai parar no Supremo [Tribunal Federal], e vamos continuar com a judicializa\u00e7\u00e3o. Toda reforma constitucional aumenta potencialmente os conflitos, porque coloca mais peso na Constitui\u00e7\u00e3o\u201d, afirmou. \u201cSe formos analisar, temos que diminuir a Constitui\u00e7\u00e3o\u201d, acrescentou.<\/p>\n<p>Toffoli disse que se reuniu com o ministro da Economia, Paulo Guedes, para pedir otimiza\u00e7\u00e3o da atua\u00e7\u00e3o do judici\u00e1rio nesses assuntos. Segundo ele, h\u00e1 atualmente 1 trilh\u00e3o de mat\u00e9rias relativas a quest\u00f5es tribut\u00e1rias pendentes no STF.<\/p>\n<p>\u201cComo voc\u00ea explica isso para um investidor? Processos correndo h\u00e1 tantos anos e, \u00e0s vezes, sem articula\u00e7\u00e3o. Superior Tribunal de Justi\u00e7a decide de um jeito, cinco anos depois o Supremo [Tribunal Federal] decide de outro, na esquizofrenia. Mas se tudo vai parar no Supremo \u00e9 significado do fracasso das outras inst\u00e2ncias\u201d, disse.<\/p>\n<p>O presidente do STF refor\u00e7ou a necessidade de economia de tempo. \u201cNas \u00faltimas quatro semanas, como \u00e9 p\u00fablico e not\u00f3rio, passamos muito tempo atuando para apaziguar as coisas. Parece que agora as coisas come\u00e7am a andar\u201d, disse. \u201cN\u00e3o temos tempo a perder\u201d, completou.<\/p>\n<p>Ele citou um exemplo, no ano passado, quando o ex-ministro da Agricultura Blairo Maggi o procurou para tratar de decis\u00e3o da Ag\u00eancia Nacional de Transportes Terrestres (ANTT), que, na ocasi\u00e3o, triplicou o valor do frete.<\/p>\n<p>\u201cPor que uma quest\u00e3o de frete vai parar no STF? E o Supremo tem que decidir se o valor vai ser este ou aquele, se est\u00e1 correto ou n\u00e3o. Isso \u00e9 um fracasso das institui\u00e7\u00f5es brasileiras e tudo cai nos nossos ombros. Para o bem ou para o mal, n\u00f3s somos responsabilizados\u201d, disse Toffoli.<\/p>\n<p>&nbsp;<\/p>\n<p>Fonte: Ag\u00eancia Brasil<\/p>\n","protected":false},"excerpt":{"rendered":"<p>O presidente do Superior Tribunal Federal (STF), Dias ToffoIi, defendeu nesta sexta-feira, 29, a simplifica\u00e7\u00e3o da reforma tribut\u00e1ria e a retirada de temas relacionados \u00e0 tributa\u00e7\u00e3o da Constitui\u00e7\u00e3o Federal. Ele participou de evento na Funda\u00e7\u00e3o Getulio Vargas (FGV) na capital paulista. \u201cSe est\u00e1 na Constitui\u00e7\u00e3o, vai parar na Justi\u00e7a e vai parar no Supremo [Tribunal [&hellip;]<\/p>\n","protected":false},"author":96,"featured_media":137092,"comment_status":"closed","ping_status":"closed","sticky":false,"template":"","format":"standard","meta":{"footnotes":""},"categories":[302,436,262,439],"tags":[],"class_list":["post-137090","post","type-post","status-publish","format-standard","has-post-thumbnail","hentry","category-brasil-mundo","category-destaque-da-semana","category-noticias","category-ultima-hora"],"_links":{"self":[{"href":"https:\/\/diarioregionaldigital.com.br\/index.php?rest_route=\/wp\/v2\/posts\/137090","targetHints":{"allow":["GET"]}}],"collection":[{"href":"https:\/\/diarioregionaldigital.com.br\/index.php?rest_route=\/wp\/v2\/posts"}],"about":[{"href":"https:\/\/diarioregionaldigital.com.br\/index.php?rest_route=\/wp\/v2\/types\/post"}],"author":[{"embeddable":true,"href":"https:\/\/diarioregionaldigital.com.br\/index.php?rest_route=\/wp\/v2\/users\/96"}],"replies":[{"embeddable":true,"href":"https:\/\/diarioregionaldigital.com.br\/index.php?rest_route=%2Fwp%2Fv2%2Fcomments&post=137090"}],"version-history":[{"count":0,"href":"https:\/\/diarioregionaldigital.com.br\/index.php?rest_route=\/wp\/v2\/posts\/137090\/revisions"}],"wp:featuredmedia":[{"embeddable":true,"href":"https:\/\/diarioregionaldigital.com.br\/index.php?rest_route=\/wp\/v2\/media\/137092"}],"wp:attachment":[{"href":"https:\/\/diarioregionaldigital.com.br\/index.php?rest_route=%2Fwp%2Fv2%2Fmedia&parent=137090"}],"wp:term":[{"taxonomy":"category","embeddable":true,"href":"https:\/\/diarioregionaldigital.com.br\/index.php?rest_route=%2Fwp%2Fv2%2Fcategories&post=137090"},{"taxonomy":"post_tag","embeddable":true,"href":"https:\/\/diarioregionaldigital.com.br\/index.php?rest_route=%2Fwp%2Fv2%2Ftags&post=137090"}],"curies":[{"name":"wp","href":"https:\/\/api.w.org\/{rel}","templated":true}]}}