{"id":137086,"date":"2019-03-29T14:15:58","date_gmt":"2019-03-29T17:15:58","guid":{"rendered":"https:\/\/diarioregionaldigital.com.br\/?p=137086"},"modified":"2019-03-29T14:15:58","modified_gmt":"2019-03-29T17:15:58","slug":"senado-homenageia-bombeiros-e-vitimas-de-brumadinho","status":"publish","type":"post","link":"https:\/\/diarioregionaldigital.com.br\/?p=137086","title":{"rendered":"Senado homenageia bombeiros e v\u00edtimas de Brumadinho"},"content":{"rendered":"<p>Com um minuto de sil\u00eancio em homenagem \u00e0s v\u00edtimas do rompimento da barragem de rejeitos t\u00f3xicos da mineradora Vale, em Brumadinho, na regi\u00e3o metropolitana de Belo Horizonte, o Senado encerrou a sess\u00e3o especial realizada nesta sexta-feira, 29, em reconhecimento ao trabalho dos bombeiros que atuaram na opera\u00e7\u00e3o de resgate.<\/p>\n<p>A cat\u00e1strofe aconteceu no dia 25 de janeiro de 2019 e o balan\u00e7o mais recente da Defesa Civil de Minas Gerais aponta 216 mortos, 88 desaparecidos e 395 pessoas localizadas. Al\u00e9m de soterrar centenas de pessoas, a lama t\u00f3xica destruiu o Rio Paraopeba, afluente do Rio S\u00e3o Francisco.<\/p>\n<p>Al\u00e9m do Corpo de Bombeiros Militar de Minas Gerais, corpora\u00e7\u00f5es de outros estados tamb\u00e9m enviaram homens para trabalhar nas buscas de v\u00edtimas do rompimento da barragem. O requerimento para a homenagem foi apresentado pelos senadores Soraya Thronicke (PSL-MS), Jorge Kajuru (PSB-GO), Leila Barros (PSB-DF), Luis Carlos Heinze (PP-RS), Alessandro Vieira (PPS-SE) e Styvenson Valentim (Pode-RN).<\/p>\n<p>Para os parlamentares, os bombeiros s\u00e3o merecedores de reconhecimento, homenagem e gratid\u00e3o, j\u00e1 que sua atua\u00e7\u00e3o e buscas incans\u00e1veis possibilitaram a volta de v\u00edtimas para suas fam\u00edlias.<\/p>\n<p>\u2014 Apesar da tristeza que tomou conta das pessoas de todo o mundo, a chama da salva\u00e7\u00e3o se acendeu com a atua\u00e7\u00e3o dos senhores, que dia e noite trabalharam para salvar as vidas e tamb\u00e9m para resgatar os que sucumbiram \u00e0 lama e permitir que suas fam\u00edlias pudessem tocar pela \u00faltima vez os entes queridos que se foram nesta impronunci\u00e1vel trag\u00e9dia \u2014 disse Soraya Thronicke.<\/p>\n<p>Um dos homenageados foi o comandante-geral do Corpo de Bombeiros Militar de Minas Gerais, coronel Edgard Estevo da Silva. Ele destacou a atua\u00e7\u00e3o conjunta com outros \u00f3rg\u00e3os como a Defesa Civil, a Policial Miliar e a Pol\u00edcia Civil de Minas Gerais e o apoio de v\u00e1rios estados e do governo federal. Ressaltou ainda a dedica\u00e7\u00e3o desses profissionais.<\/p>\n<p>\u2014 O que move o bombeiro \u00e9 o desejo de ser \u00fatil ao pr\u00f3ximo \u2014 afirmou o comandante.<\/p>\n<p>O comandante-geral do Corpo de Bombeiros Militar do Mato Grosso do Sul, coronel Joilson do Amaral, afirmou que para ser um bombeiro militar \u00e9 preciso pensar sempre no outro.<\/p>\n<p>\u2014 Todos os bombeiros do Brasil s\u00e3o treinados para entregar a sua vida em prol da comunidade. A ess\u00eancia da nossa profiss\u00e3o \u00e9 ajudar o pr\u00f3ximo \u2014 salientou.<\/p>\n<p>Para o senador Marcos do Val (PP-ES), que prop\u00f4s um voto de louvor aos bombeiros em nome do Senado, o reconhecimento do trabalho desses profissionais deve ser dado na pr\u00e1tica, com melhores sal\u00e1rios, carreira adequada, e aposentadoria especial.<\/p>\n<p>\u2014 A grande maioria da sociedade s\u00f3 acaba conhecendo e entendendo o trabalho de voc\u00eas depois das trag\u00e9dias. \u00c9 importante saber das dificuldades por que voc\u00eas passam no dia a dia, a dificuldade da carreira, a dificuldade de sal\u00e1rio, de reconhecimento, do esfor\u00e7o fora do normal para poder exercer essa profiss\u00e3o, da press\u00e3o da fam\u00edlia, principalmente em situa\u00e7\u00f5es como essa, porque a fam\u00edlia teme que voc\u00eas tamb\u00e9m percam a vida.<\/p>\n<p>O senador Paulo Paim (PT-RS) tamb\u00e9m defendeu regras especiais de aposentadoria para os bombeiros militares.<\/p>\n<p>\u2014 Eu sou aqui um dos combatentes da boa reforma da Previd\u00eancia. Os bombeiros s\u00e3o, sim, uma categoria diferenciada e t\u00eam que ter um tratamento especial \u2014 sublinhou Paim.<\/p>\n<p>Durante a sess\u00e3o, senadores lamentaram pelo Brasil n\u00e3o ter aprendido com a rompimento de outra barragem da Vale, em Mariana (MG), em 2015. Naquela cat\u00e1strofe, em que foram contados 19 mortos e o Rio Doce foi destru\u00eddo, contaminando at\u00e9 a sua foz, no Esp\u00edrito Santo.<\/p>\n<p>\u2014 Cat\u00e1strofes como a de Brumadinho n\u00e3o podem mais se repetir. Infelizmente, Brumadinho nos pareceu uma triste e inaceit\u00e1vel reprise do ocorrido, em 2015, em Mariana, cidade matriz de Minas Gerais e em propor\u00e7\u00f5es muito maiores. \u00c9 necess\u00e1rio um esfor\u00e7o nacional para que todas as barragens e grandes projetos de engenharia do Brasil se enquadrem, sempre, nos padr\u00f5es internacionais de seguran\u00e7a \u2014 afirmou o senador Antonio Anastasia (PSDB-MG).<\/p>\n<p>Para o senador Carlos Viana (PSD-MG), relator da CPI que investiga a cat\u00e1strofe, \u00e9 preciso avan\u00e7ar em uma legisla\u00e7\u00e3o preventiva.<\/p>\n<p>\u2014 N\u00f3s precisamos que o Brasil valorize mais a vida do que os vel\u00f3rios. N\u00f3s temos que trabalhar o que hoje o Corpo de Bombeiros faz muito bem, que \u00e9 a preven\u00e7\u00e3o \u2014 disse o senador.<\/p>\n<p>&nbsp;<\/p>\n<p>Fonte: Ag\u00eancia Senado<\/p>\n","protected":false},"excerpt":{"rendered":"<p>Com um minuto de sil\u00eancio em homenagem \u00e0s v\u00edtimas do rompimento da barragem de rejeitos t\u00f3xicos da mineradora Vale, em Brumadinho, na regi\u00e3o metropolitana de Belo Horizonte, o Senado encerrou a sess\u00e3o especial realizada nesta sexta-feira, 29, em reconhecimento ao trabalho dos bombeiros que atuaram na opera\u00e7\u00e3o de resgate. A cat\u00e1strofe aconteceu no dia 25 [&hellip;]<\/p>\n","protected":false},"author":96,"featured_media":137088,"comment_status":"closed","ping_status":"closed","sticky":false,"template":"","format":"standard","meta":{"footnotes":""},"categories":[302,436,262,439],"tags":[],"class_list":["post-137086","post","type-post","status-publish","format-standard","has-post-thumbnail","hentry","category-brasil-mundo","category-destaque-da-semana","category-noticias","category-ultima-hora"],"_links":{"self":[{"href":"https:\/\/diarioregionaldigital.com.br\/index.php?rest_route=\/wp\/v2\/posts\/137086","targetHints":{"allow":["GET"]}}],"collection":[{"href":"https:\/\/diarioregionaldigital.com.br\/index.php?rest_route=\/wp\/v2\/posts"}],"about":[{"href":"https:\/\/diarioregionaldigital.com.br\/index.php?rest_route=\/wp\/v2\/types\/post"}],"author":[{"embeddable":true,"href":"https:\/\/diarioregionaldigital.com.br\/index.php?rest_route=\/wp\/v2\/users\/96"}],"replies":[{"embeddable":true,"href":"https:\/\/diarioregionaldigital.com.br\/index.php?rest_route=%2Fwp%2Fv2%2Fcomments&post=137086"}],"version-history":[{"count":0,"href":"https:\/\/diarioregionaldigital.com.br\/index.php?rest_route=\/wp\/v2\/posts\/137086\/revisions"}],"wp:featuredmedia":[{"embeddable":true,"href":"https:\/\/diarioregionaldigital.com.br\/index.php?rest_route=\/wp\/v2\/media\/137088"}],"wp:attachment":[{"href":"https:\/\/diarioregionaldigital.com.br\/index.php?rest_route=%2Fwp%2Fv2%2Fmedia&parent=137086"}],"wp:term":[{"taxonomy":"category","embeddable":true,"href":"https:\/\/diarioregionaldigital.com.br\/index.php?rest_route=%2Fwp%2Fv2%2Fcategories&post=137086"},{"taxonomy":"post_tag","embeddable":true,"href":"https:\/\/diarioregionaldigital.com.br\/index.php?rest_route=%2Fwp%2Fv2%2Ftags&post=137086"}],"curies":[{"name":"wp","href":"https:\/\/api.w.org\/{rel}","templated":true}]}}