{"id":137078,"date":"2019-03-29T13:59:57","date_gmt":"2019-03-29T16:59:57","guid":{"rendered":"https:\/\/diarioregionaldigital.com.br\/?p=137078"},"modified":"2019-03-29T13:59:57","modified_gmt":"2019-03-29T16:59:57","slug":"camara-do-rio-recebe-pedido-de-impeachment-de-crivella","status":"publish","type":"post","link":"https:\/\/diarioregionaldigital.com.br\/?p=137078","title":{"rendered":"C\u00e2mara do Rio recebe pedido de impeachment de Crivella"},"content":{"rendered":"<p>A C\u00e2mara Municipal do Rio de Janeiro recebeu nesta quinta-feira, 28, mais um pedido de\u00a0<em>impeachment<\/em>\u00a0contra o prefeito Marcelo Crivella (PRB). O pedido foi protocolado pelo advogado Pablo Filipe Morais Soares de Andrade, que acusa Crivella de pr\u00e1tica de crime de responsabilidade. Procurada, a Prefeitura do Rio de Janeiro disse que n\u00e3o vai comentar.<\/p>\n<p>No pedido de<em>\u00a0impeachment,<\/em>\u00a0o advogado afirma que a prefeitura comprou um terreno da Caixa Econ\u00f4mica Federal na comunidade de Rio das Pedras, na zona oeste, sem processo licitat\u00f3rio. A den\u00fancia acrescenta que a compra utilizou cr\u00e9dito sem autoriza\u00e7\u00e3o do Legislativo Municipal, entre outras supostas irregularidades, como ren\u00fancia de cr\u00e9dito que n\u00e3o estava prevista na Lei de Diretrizes Or\u00e7ament\u00e1rias.<\/p>\n<p>O advogado tamb\u00e9m acusa Crivella de ter burlado o c\u00e1lculo dos \u00edndices m\u00ednimos definidos pela Constitui\u00e7\u00e3o Federal para serem aplicados em sa\u00fade e educa\u00e7\u00e3o.<\/p>\n<p>O presidente da C\u00e2mara Municipal, vereador Jorge Felippe (MDB), vai avaliar a consist\u00eancia do pedido para admitir sua tramita\u00e7\u00e3o. Caso seja considerado apto, o pedido vai entrar na Ordem do Dia da pr\u00f3xima ter\u00e7a-feira (2) na Casa Legislativa, para que o plen\u00e1rio tamb\u00e9m vote a admissibilidade da den\u00fancia.<\/p>\n<p>Caso o pedido seja aprovado, todo o processo de tramita\u00e7\u00e3o dever\u00e1 ser conclu\u00eddo dentro de 90 dias. O primeiro passo \u00e9 a cria\u00e7\u00e3o de uma Comiss\u00e3o Processante, que ter\u00e1 cinco dias para iniciar os trabalhos e notificar o prefeito. Caso isso ocorra, Crivella ter\u00e1 dez dias para apresentar defesa pr\u00e9via, por escrito, indicar provas e testemunhas de defesa.<\/p>\n<p>&nbsp;<\/p>\n<p>Fonte: Ag\u00eancia Brasil<\/p>\n","protected":false},"excerpt":{"rendered":"<p>A C\u00e2mara Municipal do Rio de Janeiro recebeu nesta quinta-feira, 28, mais um pedido de\u00a0impeachment\u00a0contra o prefeito Marcelo Crivella (PRB). O pedido foi protocolado pelo advogado Pablo Filipe Morais Soares de Andrade, que acusa Crivella de pr\u00e1tica de crime de responsabilidade. Procurada, a Prefeitura do Rio de Janeiro disse que n\u00e3o vai comentar. No pedido [&hellip;]<\/p>\n","protected":false},"author":96,"featured_media":137080,"comment_status":"closed","ping_status":"closed","sticky":false,"template":"","format":"standard","meta":{"footnotes":""},"categories":[436,262,254,439],"tags":[],"class_list":["post-137078","post","type-post","status-publish","format-standard","has-post-thumbnail","hentry","category-destaque-da-semana","category-noticias","category-politica","category-ultima-hora"],"_links":{"self":[{"href":"https:\/\/diarioregionaldigital.com.br\/index.php?rest_route=\/wp\/v2\/posts\/137078","targetHints":{"allow":["GET"]}}],"collection":[{"href":"https:\/\/diarioregionaldigital.com.br\/index.php?rest_route=\/wp\/v2\/posts"}],"about":[{"href":"https:\/\/diarioregionaldigital.com.br\/index.php?rest_route=\/wp\/v2\/types\/post"}],"author":[{"embeddable":true,"href":"https:\/\/diarioregionaldigital.com.br\/index.php?rest_route=\/wp\/v2\/users\/96"}],"replies":[{"embeddable":true,"href":"https:\/\/diarioregionaldigital.com.br\/index.php?rest_route=%2Fwp%2Fv2%2Fcomments&post=137078"}],"version-history":[{"count":0,"href":"https:\/\/diarioregionaldigital.com.br\/index.php?rest_route=\/wp\/v2\/posts\/137078\/revisions"}],"wp:featuredmedia":[{"embeddable":true,"href":"https:\/\/diarioregionaldigital.com.br\/index.php?rest_route=\/wp\/v2\/media\/137080"}],"wp:attachment":[{"href":"https:\/\/diarioregionaldigital.com.br\/index.php?rest_route=%2Fwp%2Fv2%2Fmedia&parent=137078"}],"wp:term":[{"taxonomy":"category","embeddable":true,"href":"https:\/\/diarioregionaldigital.com.br\/index.php?rest_route=%2Fwp%2Fv2%2Fcategories&post=137078"},{"taxonomy":"post_tag","embeddable":true,"href":"https:\/\/diarioregionaldigital.com.br\/index.php?rest_route=%2Fwp%2Fv2%2Ftags&post=137078"}],"curies":[{"name":"wp","href":"https:\/\/api.w.org\/{rel}","templated":true}]}}