{"id":137075,"date":"2019-03-29T13:52:34","date_gmt":"2019-03-29T16:52:34","guid":{"rendered":"https:\/\/diarioregionaldigital.com.br\/?p=137075"},"modified":"2019-03-29T13:52:34","modified_gmt":"2019-03-29T16:52:34","slug":"temer-vira-reu-por-corrupcao-no-caso-da-mala-envolvendo-rocha-loures","status":"publish","type":"post","link":"https:\/\/diarioregionaldigital.com.br\/?p=137075","title":{"rendered":"Temer vira r\u00e9u por corrup\u00e7\u00e3o no caso da mala, envolvendo Rocha Loures"},"content":{"rendered":"<p>O ex-presidente da Rep\u00fablica Michel Temer virou r\u00e9u em processo por corrup\u00e7\u00e3o envolvendo a JBS, empresa integrante do Grupo J&amp;F. O processo \u00e9 conhecido como o \u201ccaso da mala\u201d, envolvendo o ex-deputado federal Rodrigo Rocha Loures, assessor de Temer \u00e0 \u00e9poca. A decis\u00e3o \u00e9 do juiz Rodrigo Parente Paiva, da 15\u00aa Vara da Justi\u00e7a Federal, em Bras\u00edlia, e\u00a0atendeu um pedido do Minist\u00e9rio P\u00fablico Federal (MPF).<\/p>\n<p>Segundo a Procuradoria da Rep\u00fablica no Distrito Federal, Loures teria recebido uma mala com R$ 500 mil em dinheiro como intermedi\u00e1rio do ex-presidente Michel Temer para beneficiar a JBS em medidas no \u00e2mbito do Executivo Federal.<\/p>\n<p>\u201cRodrigo Loures representou os interesses de Michel Temer em todas as ocasi\u00f5es em que esteve com representantes do Grupo J&amp;F. Por meio dele, Michel Temer operacionalizou o recebimento de vantagens indevidas em troca de favores pelo uso da estrutura e \u00f3rg\u00e3os do Estado\u201d, argumenta o MPF.<\/p>\n<p>Um v\u00eddeo registrou o momento da entrega do dinheiro em um restaurante em S\u00e3o Paulo, no qual Loures sai apressado do local segurando a valise e entrando em um carro. Al\u00e9m dos valores recebidos no restaurante, o esquema envolveria outros pagamentos de valor semelhante ou superior.<\/p>\n<p>Loures chegou a ser preso, depois\u00a0ganhou o direito a pris\u00e3o domiciliar. Em novembro do ano passado, a Justi\u00e7a determinou a\u00a0retirada da tornozeleira eletr\u00f4nica.<\/p>\n<h2>Defesa<\/h2>\n<p>Temer ser\u00e1 citado e dever\u00e1 apresentar defesa em um prazo\u00a0de dez\u00a0dias. Em nota, o advogado de Temer, Eduardo Carnel\u00f3s, diz que a den\u00fancia \u00e9 \u201cdesprovida de qualquer fundamento\u201d e acusa o ent\u00e3o Procurador-Geral da Rep\u00fablica, Rodrigo Janot, de capitanear uma \u201cs\u00f3rdida opera\u00e7\u00e3o\u201d para tirar Temer da Presid\u00eancia da Rep\u00fablica.<\/p>\n<p>\u201cA den\u00fancia que imputa a pr\u00e1tica de crime ao presidente Temer pelos fatos relacionados ao recebimento de mala contendo dinheiro pelo ex-deputado Rodrigo Rocha Loures \u00e9 a primeira acusa\u00e7\u00e3o formulada pelo ex-Procurador-Geral da Rep\u00fablica, depois da deflagra\u00e7\u00e3o, em maio de 2017, da s\u00f3rdida opera\u00e7\u00e3o com a qual se pretendeu depor o ent\u00e3o presidente da Rep\u00fablica. Como tudo que nasceu daquela opera\u00e7\u00e3o ilegal e imoral, essa imputa\u00e7\u00e3o tamb\u00e9m \u00e9 desprovida de qualquer fundamento, constituindo aventura acusat\u00f3ria que haver\u00e1 de\u00a0ter\u00a0vida curta, pois, repita-se, n\u00e3o tem amparo em prova l\u00edcita nem na l\u00f3gica&#8221;, diz o advogado.<\/p>\n<p>&nbsp;<\/p>\n<p>Fonte:Ag\u00eancia Brasil<\/p>\n","protected":false},"excerpt":{"rendered":"<p>O ex-presidente da Rep\u00fablica Michel Temer virou r\u00e9u em processo por corrup\u00e7\u00e3o envolvendo a JBS, empresa integrante do Grupo J&amp;F. O processo \u00e9 conhecido como o \u201ccaso da mala\u201d, envolvendo o ex-deputado federal Rodrigo Rocha Loures, assessor de Temer \u00e0 \u00e9poca. A decis\u00e3o \u00e9 do juiz Rodrigo Parente Paiva, da 15\u00aa Vara da Justi\u00e7a Federal, [&hellip;]<\/p>\n","protected":false},"author":96,"featured_media":136390,"comment_status":"closed","ping_status":"closed","sticky":false,"template":"","format":"standard","meta":{"footnotes":""},"categories":[436,440,262,254,439],"tags":[],"class_list":["post-137075","post","type-post","status-publish","format-standard","has-post-thumbnail","hentry","category-destaque-da-semana","category-destaques-do-dia","category-noticias","category-politica","category-ultima-hora"],"_links":{"self":[{"href":"https:\/\/diarioregionaldigital.com.br\/index.php?rest_route=\/wp\/v2\/posts\/137075","targetHints":{"allow":["GET"]}}],"collection":[{"href":"https:\/\/diarioregionaldigital.com.br\/index.php?rest_route=\/wp\/v2\/posts"}],"about":[{"href":"https:\/\/diarioregionaldigital.com.br\/index.php?rest_route=\/wp\/v2\/types\/post"}],"author":[{"embeddable":true,"href":"https:\/\/diarioregionaldigital.com.br\/index.php?rest_route=\/wp\/v2\/users\/96"}],"replies":[{"embeddable":true,"href":"https:\/\/diarioregionaldigital.com.br\/index.php?rest_route=%2Fwp%2Fv2%2Fcomments&post=137075"}],"version-history":[{"count":0,"href":"https:\/\/diarioregionaldigital.com.br\/index.php?rest_route=\/wp\/v2\/posts\/137075\/revisions"}],"wp:featuredmedia":[{"embeddable":true,"href":"https:\/\/diarioregionaldigital.com.br\/index.php?rest_route=\/wp\/v2\/media\/136390"}],"wp:attachment":[{"href":"https:\/\/diarioregionaldigital.com.br\/index.php?rest_route=%2Fwp%2Fv2%2Fmedia&parent=137075"}],"wp:term":[{"taxonomy":"category","embeddable":true,"href":"https:\/\/diarioregionaldigital.com.br\/index.php?rest_route=%2Fwp%2Fv2%2Fcategories&post=137075"},{"taxonomy":"post_tag","embeddable":true,"href":"https:\/\/diarioregionaldigital.com.br\/index.php?rest_route=%2Fwp%2Fv2%2Ftags&post=137075"}],"curies":[{"name":"wp","href":"https:\/\/api.w.org\/{rel}","templated":true}]}}