{"id":137062,"date":"2019-03-31T06:00:49","date_gmt":"2019-03-31T09:00:49","guid":{"rendered":"https:\/\/diarioregionaldigital.com.br\/?p=137062"},"modified":"2019-03-29T04:36:52","modified_gmt":"2019-03-29T07:36:52","slug":"natureza","status":"publish","type":"post","link":"https:\/\/diarioregionaldigital.com.br\/?p=137062","title":{"rendered":"Natureza"},"content":{"rendered":"<p style=\"text-align: center;\"><strong>Projeto<\/strong><\/p>\n<p style=\"text-align: center;\">A Arquidiocese de Juiz de Fora e a Associa\u00e7\u00e3o de Assist\u00eancia Social Padre Jo\u00e3o Em\u00edlio lan\u00e7aram o projeto \u201cArcode\u201d de Forma\u00e7\u00e3o Musical. Idealizado pelo arcebispo metropolitano Dom Gil Ant\u00f4nio Moreira, a iniciativa marcou a celebra\u00e7\u00e3o do anivers\u00e1rio de dez anos de posse do pastor na Igreja Particular. O evento foi realizado no Instituto Padre Jo\u00e3o Em\u00edlio.<\/p>\n<p style=\"text-align: center;\"><strong>Beleza Negra<\/strong><\/p>\n<p style=\"text-align: center;\">Especialista em pele, a m\u00e9dica dermatologista V\u00e2nia Piccinini e Silva alerta que a pele negra precisa de cuidados redobrados na hora de passar por laser e peelings. Cicatrizes de acne e melasma podem desaparecer, se os procedimentos forem feitos com cautela. Ela garante que os lasers, quando usados em peles negras, precisam estar com pot\u00eancia baixa e isso acaba resultando em mais sess\u00f5es de tratamento.<\/p>\n<p style=\"text-align: center;\"><strong>Palestra<\/strong><\/p>\n<p style=\"text-align: center;\">A ind\u00fastria 4.0 foi o tema principal na palestra apresentada pela ind\u00fastria Welttec em parceria com o Shopping da Costura, abrangendo o assunto de inova\u00e7\u00f5es tecnol\u00f3gicas no setor de moda, no curso de Tecnologia em Design de Moda de CES\/JF. Os alunos e os demais convidados para a palestra puderam compartilhar momentos \u00fanicos de aprendizado junto \u00e0s informa\u00e7\u00f5es valiosas levadas pelos profissionais da Welltec.<\/p>\n<p style=\"text-align: center;\"><strong>Natureza<\/strong><\/p>\n<p style=\"text-align: center;\">A ordem do dia \u00e9: \u201cnavegar \u00e9 preciso\u201d. No outono a praia \u00e9 o caminho da felicidade. E tudo que nos transporta para essa imensid\u00e3o azul \u00e9 motivo de alegria. Toque o barco e monte um grande-roupa lindo com os modelos da M.Marques (para eles) e Mood (para elas).<\/p>\n<div id=\"attachment_137051\" style=\"width: 690px\" class=\"wp-caption aligncenter\"><img loading=\"lazy\" decoding=\"async\" aria-describedby=\"caption-attachment-137051\" class=\"wp-image-137051\" src=\"https:\/\/diarioregionaldigital.com.br\/wp-content\/uploads\/2019\/03\/fotoa-10-e1553843039156.jpg\" alt=\"\" width=\"680\" height=\"523\" srcset=\"https:\/\/diarioregionaldigital.com.br\/wp-content\/uploads\/2019\/03\/fotoa-10-e1553843039156.jpg 1168w, https:\/\/diarioregionaldigital.com.br\/wp-content\/uploads\/2019\/03\/fotoa-10-e1553843039156-300x231.jpg 300w, https:\/\/diarioregionaldigital.com.br\/wp-content\/uploads\/2019\/03\/fotoa-10-e1553843039156-768x591.jpg 768w, https:\/\/diarioregionaldigital.com.br\/wp-content\/uploads\/2019\/03\/fotoa-10-e1553843039156-1024x788.jpg 1024w, https:\/\/diarioregionaldigital.com.br\/wp-content\/uploads\/2019\/03\/fotoa-10-e1553843039156-360x277.jpg 360w\" sizes=\"auto, (max-width: 680px) 100vw, 680px\" \/><p id=\"caption-attachment-137051\" class=\"wp-caption-text\">No Copacabana Palace (Rio), a atriz D\u00e9bora Secco, incorpora a linha vedete do Brasil<\/p><\/div>\n<div id=\"attachment_137052\" style=\"width: 690px\" class=\"wp-caption aligncenter\"><img loading=\"lazy\" decoding=\"async\" aria-describedby=\"caption-attachment-137052\" class=\"wp-image-137052\" src=\"https:\/\/diarioregionaldigital.com.br\/wp-content\/uploads\/2019\/03\/fotob-12-e1553843060717.jpg\" alt=\"\" width=\"680\" height=\"488\" srcset=\"https:\/\/diarioregionaldigital.com.br\/wp-content\/uploads\/2019\/03\/fotob-12-e1553843060717.jpg 1159w, https:\/\/diarioregionaldigital.com.br\/wp-content\/uploads\/2019\/03\/fotob-12-e1553843060717-300x215.jpg 300w, https:\/\/diarioregionaldigital.com.br\/wp-content\/uploads\/2019\/03\/fotob-12-e1553843060717-768x551.jpg 768w, https:\/\/diarioregionaldigital.com.br\/wp-content\/uploads\/2019\/03\/fotob-12-e1553843060717-1024x734.jpg 1024w, https:\/\/diarioregionaldigital.com.br\/wp-content\/uploads\/2019\/03\/fotob-12-e1553843060717-360x258.jpg 360w\" sizes=\"auto, (max-width: 680px) 100vw, 680px\" \/><p id=\"caption-attachment-137052\" class=\"wp-caption-text\">Na est\u00e2ncia Dom Vi\u00e7oso, a linda Miss Brasil Emotion 2019, J\u00falia Horta, com o fot\u00f3grafo Thiago Kadosch<\/p><\/div>\n<div id=\"attachment_137053\" style=\"width: 690px\" class=\"wp-caption aligncenter\"><img loading=\"lazy\" decoding=\"async\" aria-describedby=\"caption-attachment-137053\" class=\"wp-image-137053\" src=\"https:\/\/diarioregionaldigital.com.br\/wp-content\/uploads\/2019\/03\/fotoc-10-e1553843097595.jpg\" alt=\"\" width=\"680\" height=\"552\" srcset=\"https:\/\/diarioregionaldigital.com.br\/wp-content\/uploads\/2019\/03\/fotoc-10-e1553843097595.jpg 1171w, https:\/\/diarioregionaldigital.com.br\/wp-content\/uploads\/2019\/03\/fotoc-10-e1553843097595-300x244.jpg 300w, https:\/\/diarioregionaldigital.com.br\/wp-content\/uploads\/2019\/03\/fotoc-10-e1553843097595-768x624.jpg 768w, https:\/\/diarioregionaldigital.com.br\/wp-content\/uploads\/2019\/03\/fotoc-10-e1553843097595-1024x832.jpg 1024w, https:\/\/diarioregionaldigital.com.br\/wp-content\/uploads\/2019\/03\/fotoc-10-e1553843097595-220x180.jpg 220w, https:\/\/diarioregionaldigital.com.br\/wp-content\/uploads\/2019\/03\/fotoc-10-e1553843097595-360x292.jpg 360w\" sizes=\"auto, (max-width: 680px) 100vw, 680px\" \/><p id=\"caption-attachment-137053\" class=\"wp-caption-text\">Curtindo o Bloco da Ressaca, Hill Soares e J\u00fanior Rocha<\/p><\/div>\n<div id=\"attachment_137054\" style=\"width: 690px\" class=\"wp-caption aligncenter\"><img loading=\"lazy\" decoding=\"async\" aria-describedby=\"caption-attachment-137054\" class=\"wp-image-137054\" src=\"https:\/\/diarioregionaldigital.com.br\/wp-content\/uploads\/2019\/03\/fotod-13-e1553843118651.jpg\" alt=\"\" width=\"680\" height=\"642\" srcset=\"https:\/\/diarioregionaldigital.com.br\/wp-content\/uploads\/2019\/03\/fotod-13-e1553843118651.jpg 1168w, https:\/\/diarioregionaldigital.com.br\/wp-content\/uploads\/2019\/03\/fotod-13-e1553843118651-300x283.jpg 300w, https:\/\/diarioregionaldigital.com.br\/wp-content\/uploads\/2019\/03\/fotod-13-e1553843118651-768x725.jpg 768w, https:\/\/diarioregionaldigital.com.br\/wp-content\/uploads\/2019\/03\/fotod-13-e1553843118651-1024x966.jpg 1024w, https:\/\/diarioregionaldigital.com.br\/wp-content\/uploads\/2019\/03\/fotod-13-e1553843118651-360x340.jpg 360w\" sizes=\"auto, (max-width: 680px) 100vw, 680px\" \/><p id=\"caption-attachment-137054\" class=\"wp-caption-text\">Eduardo Gomes curtiu a Fazendinhas do Comendador com seus sobrinhos-netos, Breno, Luiza Helena e Maria Eduarda Gomes<\/p><\/div>\n<div id=\"attachment_137055\" style=\"width: 690px\" class=\"wp-caption aligncenter\"><img loading=\"lazy\" decoding=\"async\" aria-describedby=\"caption-attachment-137055\" class=\"wp-image-137055\" src=\"https:\/\/diarioregionaldigital.com.br\/wp-content\/uploads\/2019\/03\/fotoe-12.jpg\" alt=\"\" width=\"680\" height=\"453\" srcset=\"https:\/\/diarioregionaldigital.com.br\/wp-content\/uploads\/2019\/03\/fotoe-12.jpg 1764w, https:\/\/diarioregionaldigital.com.br\/wp-content\/uploads\/2019\/03\/fotoe-12-300x200.jpg 300w, https:\/\/diarioregionaldigital.com.br\/wp-content\/uploads\/2019\/03\/fotoe-12-768x512.jpg 768w, https:\/\/diarioregionaldigital.com.br\/wp-content\/uploads\/2019\/03\/fotoe-12-1024x683.jpg 1024w, https:\/\/diarioregionaldigital.com.br\/wp-content\/uploads\/2019\/03\/fotoe-12-360x240.jpg 360w\" sizes=\"auto, (max-width: 680px) 100vw, 680px\" \/><p id=\"caption-attachment-137055\" class=\"wp-caption-text\">Gente especial em fam\u00edlia com Val\u00e9ria Iti\u00ea, L\u00facio Guilhon e J\u00falia Guilhon Vaz<\/p><\/div>\n<div id=\"attachment_137057\" style=\"width: 690px\" class=\"wp-caption aligncenter\"><img loading=\"lazy\" decoding=\"async\" aria-describedby=\"caption-attachment-137057\" class=\"wp-image-137057\" src=\"https:\/\/diarioregionaldigital.com.br\/wp-content\/uploads\/2019\/03\/fotog-10-e1553843183817.jpg\" alt=\"\" width=\"680\" height=\"474\" srcset=\"https:\/\/diarioregionaldigital.com.br\/wp-content\/uploads\/2019\/03\/fotog-10-e1553843183817.jpg 1179w, https:\/\/diarioregionaldigital.com.br\/wp-content\/uploads\/2019\/03\/fotog-10-e1553843183817-300x210.jpg 300w, https:\/\/diarioregionaldigital.com.br\/wp-content\/uploads\/2019\/03\/fotog-10-e1553843183817-768x535.jpg 768w, https:\/\/diarioregionaldigital.com.br\/wp-content\/uploads\/2019\/03\/fotog-10-e1553843183817-1024x713.jpg 1024w, https:\/\/diarioregionaldigital.com.br\/wp-content\/uploads\/2019\/03\/fotog-10-e1553843183817-360x251.jpg 360w, https:\/\/diarioregionaldigital.com.br\/wp-content\/uploads\/2019\/03\/fotog-10-e1553843183817-100x70.jpg 100w\" sizes=\"auto, (max-width: 680px) 100vw, 680px\" \/><p id=\"caption-attachment-137057\" class=\"wp-caption-text\">O outono na Bahia do DJ Leandro Laguardia<\/p><\/div>\n<div id=\"attachment_137058\" style=\"width: 690px\" class=\"wp-caption aligncenter\"><img loading=\"lazy\" decoding=\"async\" aria-describedby=\"caption-attachment-137058\" class=\"wp-image-137058\" src=\"https:\/\/diarioregionaldigital.com.br\/wp-content\/uploads\/2019\/03\/fotoh-10-e1553843204809.jpg\" alt=\"\" width=\"680\" height=\"612\" srcset=\"https:\/\/diarioregionaldigital.com.br\/wp-content\/uploads\/2019\/03\/fotoh-10-e1553843204809.jpg 1176w, https:\/\/diarioregionaldigital.com.br\/wp-content\/uploads\/2019\/03\/fotoh-10-e1553843204809-300x270.jpg 300w, https:\/\/diarioregionaldigital.com.br\/wp-content\/uploads\/2019\/03\/fotoh-10-e1553843204809-768x691.jpg 768w, https:\/\/diarioregionaldigital.com.br\/wp-content\/uploads\/2019\/03\/fotoh-10-e1553843204809-1024x921.jpg 1024w, https:\/\/diarioregionaldigital.com.br\/wp-content\/uploads\/2019\/03\/fotoh-10-e1553843204809-360x324.jpg 360w\" sizes=\"auto, (max-width: 680px) 100vw, 680px\" \/><p id=\"caption-attachment-137058\" class=\"wp-caption-text\">O estilo Black-Tie de Lucas Lopes<\/p><\/div>\n<div id=\"attachment_137059\" style=\"width: 690px\" class=\"wp-caption aligncenter\"><img loading=\"lazy\" decoding=\"async\" aria-describedby=\"caption-attachment-137059\" class=\"wp-image-137059\" src=\"https:\/\/diarioregionaldigital.com.br\/wp-content\/uploads\/2019\/03\/fotoi-11-e1553843224591.jpg\" alt=\"\" width=\"680\" height=\"637\" srcset=\"https:\/\/diarioregionaldigital.com.br\/wp-content\/uploads\/2019\/03\/fotoi-11-e1553843224591.jpg 1177w, https:\/\/diarioregionaldigital.com.br\/wp-content\/uploads\/2019\/03\/fotoi-11-e1553843224591-300x281.jpg 300w, https:\/\/diarioregionaldigital.com.br\/wp-content\/uploads\/2019\/03\/fotoi-11-e1553843224591-768x720.jpg 768w, https:\/\/diarioregionaldigital.com.br\/wp-content\/uploads\/2019\/03\/fotoi-11-e1553843224591-1024x960.jpg 1024w, https:\/\/diarioregionaldigital.com.br\/wp-content\/uploads\/2019\/03\/fotoi-11-e1553843224591-360x337.jpg 360w\" sizes=\"auto, (max-width: 680px) 100vw, 680px\" \/><p id=\"caption-attachment-137059\" class=\"wp-caption-text\">Em destaque, o charme de Michelle Meyrelles<\/p><\/div>\n<div id=\"attachment_137060\" style=\"width: 690px\" class=\"wp-caption aligncenter\"><img loading=\"lazy\" decoding=\"async\" aria-describedby=\"caption-attachment-137060\" class=\"wp-image-137060\" src=\"https:\/\/diarioregionaldigital.com.br\/wp-content\/uploads\/2019\/03\/fotoj-10-e1553843296157.jpg\" alt=\"\" width=\"680\" height=\"513\" srcset=\"https:\/\/diarioregionaldigital.com.br\/wp-content\/uploads\/2019\/03\/fotoj-10-e1553843296157.jpg 926w, https:\/\/diarioregionaldigital.com.br\/wp-content\/uploads\/2019\/03\/fotoj-10-e1553843296157-300x226.jpg 300w, https:\/\/diarioregionaldigital.com.br\/wp-content\/uploads\/2019\/03\/fotoj-10-e1553843296157-768x579.jpg 768w, https:\/\/diarioregionaldigital.com.br\/wp-content\/uploads\/2019\/03\/fotoj-10-e1553843296157-360x271.jpg 360w\" sizes=\"auto, (max-width: 680px) 100vw, 680px\" \/><p id=\"caption-attachment-137060\" class=\"wp-caption-text\">Encerrando o m\u00eas da Mulher, a m\u00e9dica-dermatologista V\u00e2nia Piccinini Silva<\/p><\/div>\n<div id=\"attachment_137061\" style=\"width: 690px\" class=\"wp-caption aligncenter\"><img loading=\"lazy\" decoding=\"async\" aria-describedby=\"caption-attachment-137061\" class=\"wp-image-137061\" src=\"https:\/\/diarioregionaldigital.com.br\/wp-content\/uploads\/2019\/03\/fotol-3-e1553843351849.jpg\" alt=\"\" width=\"680\" height=\"519\" srcset=\"https:\/\/diarioregionaldigital.com.br\/wp-content\/uploads\/2019\/03\/fotol-3-e1553843351849.jpg 1137w, https:\/\/diarioregionaldigital.com.br\/wp-content\/uploads\/2019\/03\/fotol-3-e1553843351849-300x229.jpg 300w, https:\/\/diarioregionaldigital.com.br\/wp-content\/uploads\/2019\/03\/fotol-3-e1553843351849-768x586.jpg 768w, https:\/\/diarioregionaldigital.com.br\/wp-content\/uploads\/2019\/03\/fotol-3-e1553843351849-1024x782.jpg 1024w, https:\/\/diarioregionaldigital.com.br\/wp-content\/uploads\/2019\/03\/fotol-3-e1553843351849-360x275.jpg 360w\" sizes=\"auto, (max-width: 680px) 100vw, 680px\" \/><p id=\"caption-attachment-137061\" class=\"wp-caption-text\">O campe\u00e3o de vendas da Nogueira Im\u00f3veis, Ramon Resende<\/p><\/div>\n<div id=\"attachment_137056\" style=\"width: 690px\" class=\"wp-caption aligncenter\"><img loading=\"lazy\" decoding=\"async\" aria-describedby=\"caption-attachment-137056\" class=\"wp-image-137056\" src=\"https:\/\/diarioregionaldigital.com.br\/wp-content\/uploads\/2019\/03\/fotof-11-e1553843160562.jpg\" alt=\"\" width=\"680\" height=\"496\" srcset=\"https:\/\/diarioregionaldigital.com.br\/wp-content\/uploads\/2019\/03\/fotof-11-e1553843160562.jpg 1504w, https:\/\/diarioregionaldigital.com.br\/wp-content\/uploads\/2019\/03\/fotof-11-e1553843160562-300x219.jpg 300w, https:\/\/diarioregionaldigital.com.br\/wp-content\/uploads\/2019\/03\/fotof-11-e1553843160562-768x561.jpg 768w, https:\/\/diarioregionaldigital.com.br\/wp-content\/uploads\/2019\/03\/fotof-11-e1553843160562-1024x748.jpg 1024w, https:\/\/diarioregionaldigital.com.br\/wp-content\/uploads\/2019\/03\/fotof-11-e1553843160562-360x263.jpg 360w\" sizes=\"auto, (max-width: 680px) 100vw, 680px\" \/><p id=\"caption-attachment-137056\" class=\"wp-caption-text\">No show de batucada no Parque Halfeld, Andresa Dias, Erika Beire e Beto Souza<\/p><\/div>\n<p style=\"text-align: center;\"><strong>FOTOSS\u00cdNTESE<\/strong><\/p>\n<p>Agendado para 13 de abril, no Trade Hotel, a Feijoada da Ascomcer.<\/p>\n<p>Marcos Ferrarezi faz a diferen\u00e7a com a exposi\u00e7\u00e3o de seus bel\u00edssimos mosaicos com o tema \u201cO Esp\u00edrito Santo\u201d, em cartaz no CCBM at\u00e9 hoje, 31. S\u00e3o vinte e dois trabalhos remetendo \u00e0 pomba, um dos principais s\u00edmbolos do cristianismo.<\/p>\n<p>A cena estar\u00e1 aberta no Teatro Paschoal Carlos Magno com 36 datas que ser\u00e3o ocupadas de 25 abril a 10 de novembro. Dentre destaques, o Primeiro Plano Festival de Cinema de Juiz de Fora e Mercocidades, previsto para o per\u00edodo de 4 a 9 de novembro, e a 18\u00aa Campanha de Populariza\u00e7\u00e3o do Teatro e da Dan\u00e7a de Juiz de Fora, no final de semana de agosto.<\/p>\n<p>Aten\u00e7\u00e3o desavisados: A interfer\u00eancia na arboriza\u00e7\u00e3o da cidade, com poda de mais de 50% da copa ou corte de \u00e1rvores, devem ter autoriza\u00e7\u00e3o da Secretaria de Meio Ambiente (SMA).<\/p>\n<p>Amigos e leitores desta coluna est\u00e3o curtindo viagem no exterior. Em Nova Iorque est\u00e3o M\u00f4nica Gomide Guimar\u00e3es e Carlos Henrique Batitucci, em Paris, Rose e Jo\u00e3o Cesar Novais.<\/p>\n<p>Gente bonita e rebolante marcaram presen\u00e7a na roda de samba do Bar S\u00e3o Bartolomeu em S\u00e3o Mateus. No surdo, tamborim e reco-reco os talentosos m\u00fasicos, Carlos Fernando, Roger Resende, Armando J\u00fanior e Buchi Percuss\u00e3o.<\/p>\n<p>A dobradinha Hamb\u00farguer do Texas e a Imobili\u00e1ria Souza Gomes deu certo. Com lan\u00e7amento exclusivo, este colunista cravou nota dez para o Hamb\u00farguer na Planta que leva p\u00e3o artesanal, queijo empanado, barbecue de goiaba e costelinha.<\/p>\n<p>As semi-joias, acess\u00f3rios finos com muitas pedrarias d\u00e3o glamour e luxo para as noivas de todas as ocasi\u00f5es na loja By Candy no Mister Shopping 2\u00ba piso.<\/p>\n<p>Para suavizar: A senha para hoje convoca boa energia. Aproveite o astral e junte-se \u00e0queles que compartilham dos mesmos ideais que voc\u00ea. Bom dia.<\/p>\n<p><img loading=\"lazy\" decoding=\"async\" class=\"aligncenter size-full wp-image-135792\" src=\"https:\/\/diarioregionaldigital.com.br\/wp-content\/uploads\/2019\/03\/Fashion_6x15-nova.jpg\" alt=\"\" width=\"3484\" height=\"1772\" srcset=\"https:\/\/diarioregionaldigital.com.br\/wp-content\/uploads\/2019\/03\/Fashion_6x15-nova.jpg 3484w, https:\/\/diarioregionaldigital.com.br\/wp-content\/uploads\/2019\/03\/Fashion_6x15-nova-300x153.jpg 300w, https:\/\/diarioregionaldigital.com.br\/wp-content\/uploads\/2019\/03\/Fashion_6x15-nova-768x391.jpg 768w, https:\/\/diarioregionaldigital.com.br\/wp-content\/uploads\/2019\/03\/Fashion_6x15-nova-1024x521.jpg 1024w, https:\/\/diarioregionaldigital.com.br\/wp-content\/uploads\/2019\/03\/Fashion_6x15-nova-360x183.jpg 360w\" sizes=\"auto, (max-width: 3484px) 100vw, 3484px\" \/><\/p>\n","protected":false},"excerpt":{"rendered":"<p>Projeto A Arquidiocese de Juiz de Fora e a Associa\u00e7\u00e3o de Assist\u00eancia Social Padre Jo\u00e3o Em\u00edlio lan\u00e7aram o projeto \u201cArcode\u201d de Forma\u00e7\u00e3o Musical. Idealizado pelo arcebispo metropolitano Dom Gil Ant\u00f4nio Moreira, a iniciativa marcou a celebra\u00e7\u00e3o do anivers\u00e1rio de dez anos de posse do pastor na Igreja Particular. O evento foi realizado no Instituto Padre [&hellip;]<\/p>\n","protected":false},"author":96,"featured_media":137051,"comment_status":"closed","ping_status":"closed","sticky":false,"template":"","format":"standard","meta":{"footnotes":""},"categories":[264],"tags":[],"class_list":["post-137062","post","type-post","status-publish","format-standard","has-post-thumbnail","hentry","category-eduardo-gomes"],"_links":{"self":[{"href":"https:\/\/diarioregionaldigital.com.br\/index.php?rest_route=\/wp\/v2\/posts\/137062","targetHints":{"allow":["GET"]}}],"collection":[{"href":"https:\/\/diarioregionaldigital.com.br\/index.php?rest_route=\/wp\/v2\/posts"}],"about":[{"href":"https:\/\/diarioregionaldigital.com.br\/index.php?rest_route=\/wp\/v2\/types\/post"}],"author":[{"embeddable":true,"href":"https:\/\/diarioregionaldigital.com.br\/index.php?rest_route=\/wp\/v2\/users\/96"}],"replies":[{"embeddable":true,"href":"https:\/\/diarioregionaldigital.com.br\/index.php?rest_route=%2Fwp%2Fv2%2Fcomments&post=137062"}],"version-history":[{"count":0,"href":"https:\/\/diarioregionaldigital.com.br\/index.php?rest_route=\/wp\/v2\/posts\/137062\/revisions"}],"wp:featuredmedia":[{"embeddable":true,"href":"https:\/\/diarioregionaldigital.com.br\/index.php?rest_route=\/wp\/v2\/media\/137051"}],"wp:attachment":[{"href":"https:\/\/diarioregionaldigital.com.br\/index.php?rest_route=%2Fwp%2Fv2%2Fmedia&parent=137062"}],"wp:term":[{"taxonomy":"category","embeddable":true,"href":"https:\/\/diarioregionaldigital.com.br\/index.php?rest_route=%2Fwp%2Fv2%2Fcategories&post=137062"},{"taxonomy":"post_tag","embeddable":true,"href":"https:\/\/diarioregionaldigital.com.br\/index.php?rest_route=%2Fwp%2Fv2%2Ftags&post=137062"}],"curies":[{"name":"wp","href":"https:\/\/api.w.org\/{rel}","templated":true}]}}