{"id":137026,"date":"2019-03-31T06:00:00","date_gmt":"2019-03-31T09:00:00","guid":{"rendered":"https:\/\/diarioregionaldigital.com.br\/?p=137026"},"modified":"2019-03-28T20:10:32","modified_gmt":"2019-03-28T23:10:32","slug":"pesquisa-mostra-um-aumento-timido-nas-vendas-de-chocolates-nesta-pascoa","status":"publish","type":"post","link":"https:\/\/diarioregionaldigital.com.br\/?p=137026","title":{"rendered":"Pesquisa mostra um aumento t\u00edmido nas vendas de chocolates nesta p\u00e1scoa"},"content":{"rendered":"<p>A perspectiva de vendas no setor de supermercadospara as vendas de chocolates na p\u00e1scoa deste ano \u00e9 de permanecerem empatados em compara\u00e7\u00e3o ao ano de 2018, pelo menos para 60,5% dos empres\u00e1rios deste ramo, para os outros 22,2% acreditam que as vendas ser\u00e3o maiores e apenas 17,3% sup\u00f5em uma redu\u00e7\u00e3o nas vendas. Esse resultado foi apresentado por uma pesquisa realizada em todas as regi\u00f5es do pa\u00eds, pela Associa\u00e7\u00e3o Brasileira de Supermercados (ABRAS) e que foi divulgada no \u00faltimo dia 18.<\/p>\n<p>O levantamentomostra um aumento nas encomendas dos supermercadistas, de 0,4%, que mostra um otimismo, por\u00e9m com cautela por parte do setor. O produto com a maior estimativa de venda s\u00e3o os bombons, com 3,9%. Esse crescimento se deve a inova\u00e7\u00f5es com embalagens festivas, feitas pelas ind\u00fastrias, para incentivar o consumo. J\u00e1 para os ovos de p\u00e1scoa, as ind\u00fastrias est\u00e3o incentivando o consumo dos ovos menores, de 150g a 170g, de valor agregado e que possuem brindes ou brinquedos, por\u00e9m as apostas nesses produtos ainda s\u00e3o baixas, com crescimento de 1,3% para ovos de at\u00e9 150g e de, 0,6%, para ovos de 150 a 170g.<\/p>\n<p>Jo\u00e3o Sanzovo Neto, presidente da ABRAS, destaca alguns fatores que contribu\u00edram para este resultado, como a economia ainda t\u00edmida, desemprego, e, tamb\u00e9m, os h\u00e1bitos de consumo adquiridos durante a crise, priorizando produtos de melhor custo-benef\u00edcio.<\/p>\n<p>\u201cA previs\u00e3o de estabilidade \u00e9 positiva, principalmente para muitos que viram suas vendas diminu\u00edrem no per\u00edodo da recess\u00e3o. A P\u00e1scoa \u00e9 um dos melhores momentos para o setor ap\u00f3s o Natal e espero que nossas expectativas sejam superadas, estamos trabalhando para isso\u201d, destaca Sanzovo, em entrevista divulgada pela ABRAS<\/p>\n<p>Encomendas dos supermercadistas aos fornecedores de chocolates em compara\u00e7\u00e3o \u00e0 P\u00e1scoa de 2018:<\/p>\n<p><img loading=\"lazy\" decoding=\"async\" class=\" wp-image-137029 aligncenter\" src=\"https:\/\/diarioregionaldigital.com.br\/wp-content\/uploads\/2019\/03\/tabela-de-pascoa-e1553814471523-300x212.png\" alt=\"\" width=\"536\" height=\"379\" srcset=\"https:\/\/diarioregionaldigital.com.br\/wp-content\/uploads\/2019\/03\/tabela-de-pascoa-e1553814471523-300x212.png 300w, https:\/\/diarioregionaldigital.com.br\/wp-content\/uploads\/2019\/03\/tabela-de-pascoa-e1553814471523-768x541.png 768w, https:\/\/diarioregionaldigital.com.br\/wp-content\/uploads\/2019\/03\/tabela-de-pascoa-e1553814471523-750x530.png 750w, https:\/\/diarioregionaldigital.com.br\/wp-content\/uploads\/2019\/03\/tabela-de-pascoa-e1553814471523-360x254.png 360w, https:\/\/diarioregionaldigital.com.br\/wp-content\/uploads\/2019\/03\/tabela-de-pascoa-e1553814471523-100x70.png 100w, https:\/\/diarioregionaldigital.com.br\/wp-content\/uploads\/2019\/03\/tabela-de-pascoa-e1553814471523.png 1000w\" sizes=\"auto, (max-width: 536px) 100vw, 536px\" \/><\/p>\n<p>&nbsp;<\/p>\n<p>A pesquisa trouxe informa\u00e7\u00f5es referentes\u00e0s varia\u00e7\u00f5es de pre\u00e7os do grupo de chocolates, em compara\u00e7\u00e3o com a mesma \u00e9poca do ano anterior. O produto com maior varia\u00e7\u00e3o \u00e9 da barra de chocolate, que teve um aumento m\u00e9dio de 2,9% em seu pre\u00e7o. Os produtos com um menor aumento s\u00e3o os ovos de 170g at\u00e9 500g, que apontaram um aumento m\u00e9dio de 1%.<\/p>\n","protected":false},"excerpt":{"rendered":"<p>A perspectiva de vendas no setor de supermercadospara as vendas de chocolates na p\u00e1scoa deste ano \u00e9 de permanecerem empatados em compara\u00e7\u00e3o ao ano de 2018, pelo menos para 60,5% dos empres\u00e1rios deste ramo, para os outros 22,2% acreditam que as vendas ser\u00e3o maiores e apenas 17,3% sup\u00f5em uma redu\u00e7\u00e3o nas vendas. Esse resultado foi [&hellip;]<\/p>\n","protected":false},"author":96,"featured_media":137028,"comment_status":"closed","ping_status":"closed","sticky":false,"template":"","format":"standard","meta":{"footnotes":""},"categories":[253,436,440,439],"tags":[],"class_list":["post-137026","post","type-post","status-publish","format-standard","has-post-thumbnail","hentry","category-cidade","category-destaque-da-semana","category-destaques-do-dia","category-ultima-hora"],"_links":{"self":[{"href":"https:\/\/diarioregionaldigital.com.br\/index.php?rest_route=\/wp\/v2\/posts\/137026","targetHints":{"allow":["GET"]}}],"collection":[{"href":"https:\/\/diarioregionaldigital.com.br\/index.php?rest_route=\/wp\/v2\/posts"}],"about":[{"href":"https:\/\/diarioregionaldigital.com.br\/index.php?rest_route=\/wp\/v2\/types\/post"}],"author":[{"embeddable":true,"href":"https:\/\/diarioregionaldigital.com.br\/index.php?rest_route=\/wp\/v2\/users\/96"}],"replies":[{"embeddable":true,"href":"https:\/\/diarioregionaldigital.com.br\/index.php?rest_route=%2Fwp%2Fv2%2Fcomments&post=137026"}],"version-history":[{"count":0,"href":"https:\/\/diarioregionaldigital.com.br\/index.php?rest_route=\/wp\/v2\/posts\/137026\/revisions"}],"wp:featuredmedia":[{"embeddable":true,"href":"https:\/\/diarioregionaldigital.com.br\/index.php?rest_route=\/wp\/v2\/media\/137028"}],"wp:attachment":[{"href":"https:\/\/diarioregionaldigital.com.br\/index.php?rest_route=%2Fwp%2Fv2%2Fmedia&parent=137026"}],"wp:term":[{"taxonomy":"category","embeddable":true,"href":"https:\/\/diarioregionaldigital.com.br\/index.php?rest_route=%2Fwp%2Fv2%2Fcategories&post=137026"},{"taxonomy":"post_tag","embeddable":true,"href":"https:\/\/diarioregionaldigital.com.br\/index.php?rest_route=%2Fwp%2Fv2%2Ftags&post=137026"}],"curies":[{"name":"wp","href":"https:\/\/api.w.org\/{rel}","templated":true}]}}