{"id":137019,"date":"2019-03-31T06:00:12","date_gmt":"2019-03-31T09:00:12","guid":{"rendered":"https:\/\/diarioregionaldigital.com.br\/?p=137019"},"modified":"2019-03-28T19:31:43","modified_gmt":"2019-03-28T22:31:43","slug":"restricao-a-uso-de-carros-oficiais-pode-ser-aprovada","status":"publish","type":"post","link":"https:\/\/diarioregionaldigital.com.br\/?p=137019","title":{"rendered":"Restri\u00e7\u00e3o a uso de carros oficiais pode ser aprovada"},"content":{"rendered":"<p>Est\u00e1 ponto para ser votado em Plen\u00e1rio o projeto que restringe o uso de carros oficiais (PLC 97\/2017). Segundo o autor, deputado Pedro Cunha Lima (PSDB-PB), essa veda\u00e7\u00e3o \u00e9 uma forma de moralizar o servi\u00e7o p\u00fablico e acabar com regalias.<\/p>\n<p>Pela proposta, fica vedado o uso de autom\u00f3veis, por exemplo, por titulares de mandato eletivo, magistrados federais, membros do Minist\u00e9rio P\u00fablico Federal, do Tribunal de Contas da Uni\u00e3o (TCU), da Advocacia Geral da Uni\u00e3o e da Defensoria P\u00fablica da Uni\u00e3o.<\/p>\n<p>Assim, fica limitado o uso dos carros oficiais \u00e0 Presid\u00eancia e Vice-Presid\u00eancia da Rep\u00fablica, \u00e0 Presid\u00eancia do Senado e \u00e0 Presid\u00eancia da C\u00e2mara dos Deputados, \u00e0 Presid\u00eancia do Supremo Tribunal Federal, aos ministros de Estado, aos comandantes das for\u00e7as militares e ao chefe de Estado-Maior Conjunto das For\u00e7as Armadas.<\/p>\n<p>&nbsp;<\/p>\n<p><strong>CCJ<\/strong><\/p>\n<p>Durante a\u00a0aprova\u00e7\u00e3o\u00a0da mat\u00e9ria na Comiss\u00e3o de Constitui\u00e7\u00e3o, Justi\u00e7a e Cidadania (CCJ), no ano passado, o ex-senador C\u00e1ssio Cunha Lima (PSDB-PB), que atuou como relator, disse que n\u00e3o se pode permitir a continuidade do uso abusivo dos carros de representa\u00e7\u00e3o, \u201cainda mais quando vivemos quadra da vida nacional em que se requer e se imp\u00f5e o rigor fiscal e a economia dos gastos p\u00fablicos\u201d.<\/p>\n<p>O senador S\u00e9rgio Petec\u00e3o (PSD-AC), por\u00e9m, apresentou voto em separado pela rejei\u00e7\u00e3o da mat\u00e9ria. Apesar de destacar \u201co elevado m\u00e9rito do projeto, mormente no que se refere ao princ\u00edpio da moralidade que norteia a administra\u00e7\u00e3o p\u00fablica\u201d, Petec\u00e3o sustentou que a proposta \u00e9 inconstitucional por invadir a compet\u00eancia privativa dos Poderes da Uni\u00e3o de regular o funcionamento interno de seus \u00f3rg\u00e3os.<\/p>\n<p>&nbsp;<\/p>\n<p>Fonte: Ag\u00eancia Senado<\/p>\n","protected":false},"excerpt":{"rendered":"<p>Est\u00e1 ponto para ser votado em Plen\u00e1rio o projeto que restringe o uso de carros oficiais (PLC 97\/2017). Segundo o autor, deputado Pedro Cunha Lima (PSDB-PB), essa veda\u00e7\u00e3o \u00e9 uma forma de moralizar o servi\u00e7o p\u00fablico e acabar com regalias. Pela proposta, fica vedado o uso de autom\u00f3veis, por exemplo, por titulares de mandato eletivo, [&hellip;]<\/p>\n","protected":false},"author":96,"featured_media":137023,"comment_status":"closed","ping_status":"closed","sticky":false,"template":"","format":"standard","meta":{"footnotes":""},"categories":[436,254,439],"tags":[],"class_list":["post-137019","post","type-post","status-publish","format-standard","has-post-thumbnail","hentry","category-destaque-da-semana","category-politica","category-ultima-hora"],"_links":{"self":[{"href":"https:\/\/diarioregionaldigital.com.br\/index.php?rest_route=\/wp\/v2\/posts\/137019","targetHints":{"allow":["GET"]}}],"collection":[{"href":"https:\/\/diarioregionaldigital.com.br\/index.php?rest_route=\/wp\/v2\/posts"}],"about":[{"href":"https:\/\/diarioregionaldigital.com.br\/index.php?rest_route=\/wp\/v2\/types\/post"}],"author":[{"embeddable":true,"href":"https:\/\/diarioregionaldigital.com.br\/index.php?rest_route=\/wp\/v2\/users\/96"}],"replies":[{"embeddable":true,"href":"https:\/\/diarioregionaldigital.com.br\/index.php?rest_route=%2Fwp%2Fv2%2Fcomments&post=137019"}],"version-history":[{"count":0,"href":"https:\/\/diarioregionaldigital.com.br\/index.php?rest_route=\/wp\/v2\/posts\/137019\/revisions"}],"wp:featuredmedia":[{"embeddable":true,"href":"https:\/\/diarioregionaldigital.com.br\/index.php?rest_route=\/wp\/v2\/media\/137023"}],"wp:attachment":[{"href":"https:\/\/diarioregionaldigital.com.br\/index.php?rest_route=%2Fwp%2Fv2%2Fmedia&parent=137019"}],"wp:term":[{"taxonomy":"category","embeddable":true,"href":"https:\/\/diarioregionaldigital.com.br\/index.php?rest_route=%2Fwp%2Fv2%2Fcategories&post=137019"},{"taxonomy":"post_tag","embeddable":true,"href":"https:\/\/diarioregionaldigital.com.br\/index.php?rest_route=%2Fwp%2Fv2%2Ftags&post=137019"}],"curies":[{"name":"wp","href":"https:\/\/api.w.org\/{rel}","templated":true}]}}