{"id":137013,"date":"2019-03-31T06:00:00","date_gmt":"2019-03-31T09:00:00","guid":{"rendered":"https:\/\/diarioregionaldigital.com.br\/?p=137013"},"modified":"2019-03-28T19:30:26","modified_gmt":"2019-03-28T22:30:26","slug":"senado-debate-a-influencia-das-fake-news-na-sociedade-brasileira","status":"publish","type":"post","link":"https:\/\/diarioregionaldigital.com.br\/?p=137013","title":{"rendered":"Senado debate a influ\u00eancia das Fake News na sociedade brasileira"},"content":{"rendered":"<p>A Comiss\u00e3o de Direitos Humanos e Legisla\u00e7\u00e3o Participativa (CDH) realizar\u00e1 uma audi\u00eancia p\u00fablica para debater a influ\u00eancia do fen\u00f4meno das Fake News na sociedade brasileira na segunda-feira, 1\u00ba de abril, \u00e0s 9h no plen\u00e1rio n\u00ba 6 do anexo II do Senado.<\/p>\n<p>Fake news \u00e9 o termo utilizado para a dissemina\u00e7\u00e3o de not\u00edcias falsas como se fossem reais com o intuito de propagar uma ideologia ou difamar algu\u00e9m. O termo ganhou popularidade e destaque dentro das discuss\u00f5es sobre a comunica\u00e7\u00e3o devido, principalmente, \u00e0 divulga\u00e7\u00e3o de informa\u00e7\u00f5es falsas nas redes sociais e \u00e0 utiliza\u00e7\u00e3o das fake news como instrumento pol\u00edtico. O tema \u00e9, ent\u00e3o, de extrema relev\u00e2ncia para os cidad\u00e3os brasileiros e para a democracia.<\/p>\n<p>O requerimento foi feito pelo senador Paulo Paim (PT-RS) e a audi\u00eancia contar\u00e1 com convidados que fazem parte de empresas de redes sociais como M\u00f4nica Rosina, gerente de pol\u00edticas p\u00fablicas do Facebook; Marcos Pereira, gerente de Pol\u00edticas P\u00fablicas e Assuntos Governamentais do Google Brasil, e Fernando Gallo, gerente de Pol\u00edticas P\u00fablicas do Twitter, al\u00e9m de ativistas como Thiago Tavares, presidente da SaferNet Brasil, e Beatriz Barbosa, do coletivo Intervozes.<\/p>\n<p>Em dezembro de 2018, fake news foi tema de debate na CDH com alguns dos mesmos convidados. Na ocasi\u00e3o, o foco principal foi a utiliza\u00e7\u00e3o das fake news durante o per\u00edodo eleitoral. Severas cr\u00edticas foram feitas pelos participantes \u00e0s institui\u00e7\u00f5es que t\u00eam como miss\u00e3o coibir estas pr\u00e1ticas.<\/p>\n<p>A jornalista Bia Barbosa, que participou daquela audi\u00eancia, criticou principalmente a falta de transpar\u00eancia das redes sociais, como o Facebook e o Twitter, e a inefic\u00e1cia do Tribunal Superior Eleitoral (TSE) e do Minist\u00e9rio P\u00fablico em aplicar as leis sobre inj\u00faria, cal\u00fania e difama\u00e7\u00e3o j\u00e1 existentes, assim como a lei eleitoral.<\/p>\n<p>\u201cO caso mais escandaloso \u00e9 do Whatsapp, que se recusa sequer a debater com o TSE ou adotar medidas de combate ao impulsionamento de conte\u00fados falsos, que adotou em outros pa\u00edses\u201d, disse a jornalista \u00e0 \u00e9poca.<\/p>\n<p>A reuni\u00e3o de 2018, no entanto, n\u00e3o contou com a presen\u00e7a de representantes das redes sociais, como \u00e9 o caso desta que ocorrer\u00e1 na pr\u00f3xima segunda-feira. Desta vez, espera-se que os convidados que representam esta parte do mercado participem do debate e exponham as ferramentas que est\u00e3o sendo utilizadas pelas plataformas para o combate das fake news.<\/p>\n<p>A Audi\u00eancia P\u00fablica ser\u00e1 interativa com a possibilidade de participa\u00e7\u00e3o popular por meio do\u00a0Portal e-Cidadania, e do\u00a0Al\u00f4 Senado, atrav\u00e9s do n\u00famero-0800612211.<\/p>\n<p>Fonte: Ag\u00eancia Senado<\/p>\n<p>&nbsp;<\/p>\n","protected":false},"excerpt":{"rendered":"<p>A Comiss\u00e3o de Direitos Humanos e Legisla\u00e7\u00e3o Participativa (CDH) realizar\u00e1 uma audi\u00eancia p\u00fablica para debater a influ\u00eancia do fen\u00f4meno das Fake News na sociedade brasileira na segunda-feira, 1\u00ba de abril, \u00e0s 9h no plen\u00e1rio n\u00ba 6 do anexo II do Senado. Fake news \u00e9 o termo utilizado para a dissemina\u00e7\u00e3o de not\u00edcias falsas como se [&hellip;]<\/p>\n","protected":false},"author":96,"featured_media":137020,"comment_status":"closed","ping_status":"closed","sticky":false,"template":"","format":"standard","meta":{"footnotes":""},"categories":[436,254,439],"tags":[],"class_list":["post-137013","post","type-post","status-publish","format-standard","has-post-thumbnail","hentry","category-destaque-da-semana","category-politica","category-ultima-hora"],"_links":{"self":[{"href":"https:\/\/diarioregionaldigital.com.br\/index.php?rest_route=\/wp\/v2\/posts\/137013","targetHints":{"allow":["GET"]}}],"collection":[{"href":"https:\/\/diarioregionaldigital.com.br\/index.php?rest_route=\/wp\/v2\/posts"}],"about":[{"href":"https:\/\/diarioregionaldigital.com.br\/index.php?rest_route=\/wp\/v2\/types\/post"}],"author":[{"embeddable":true,"href":"https:\/\/diarioregionaldigital.com.br\/index.php?rest_route=\/wp\/v2\/users\/96"}],"replies":[{"embeddable":true,"href":"https:\/\/diarioregionaldigital.com.br\/index.php?rest_route=%2Fwp%2Fv2%2Fcomments&post=137013"}],"version-history":[{"count":0,"href":"https:\/\/diarioregionaldigital.com.br\/index.php?rest_route=\/wp\/v2\/posts\/137013\/revisions"}],"wp:featuredmedia":[{"embeddable":true,"href":"https:\/\/diarioregionaldigital.com.br\/index.php?rest_route=\/wp\/v2\/media\/137020"}],"wp:attachment":[{"href":"https:\/\/diarioregionaldigital.com.br\/index.php?rest_route=%2Fwp%2Fv2%2Fmedia&parent=137013"}],"wp:term":[{"taxonomy":"category","embeddable":true,"href":"https:\/\/diarioregionaldigital.com.br\/index.php?rest_route=%2Fwp%2Fv2%2Fcategories&post=137013"},{"taxonomy":"post_tag","embeddable":true,"href":"https:\/\/diarioregionaldigital.com.br\/index.php?rest_route=%2Fwp%2Fv2%2Ftags&post=137013"}],"curies":[{"name":"wp","href":"https:\/\/api.w.org\/{rel}","templated":true}]}}