{"id":137008,"date":"2019-03-29T06:00:08","date_gmt":"2019-03-29T09:00:08","guid":{"rendered":"https:\/\/diarioregionaldigital.com.br\/?p=137008"},"modified":"2019-03-28T20:14:09","modified_gmt":"2019-03-28T23:14:09","slug":"cine-theatro-central-recebe-o-espetaculo-valencianas-em-seu-nonagesimo-aniversario","status":"publish","type":"post","link":"https:\/\/diarioregionaldigital.com.br\/?p=137008","title":{"rendered":"Cine-Theatro Central recebe o espet\u00e1culo Valencianas em seu nonag\u00e9simo anivers\u00e1rio"},"content":{"rendered":"<p>No pr\u00f3ximo s\u00e1bado, 30, o Cine-Theatro Central comemora o seu nonag\u00e9simo anivers\u00e1rio em grande estilo, em uma festa de Noite de Gala. A celebra\u00e7\u00e3o receber\u00e1 o espet\u00e1culo Valencianas, que \u00e9 formado pela conceituada Orquestra Ouro Preto, junto com o cantor e compositor Alceu Valen\u00e7a.<\/p>\n<p>Valencianas \u00e9 um projeto de releitura da obra de Alceu Valen\u00e7a que promove a m\u00fasica erudita, junto com a m\u00fasica popular, reunindo os mais diversos ritmos nordestinos.<\/p>\n<p>O evento ser\u00e1 aberto para parte do p\u00fablico da Universidade Federal de Juiz de Fora e para a popula\u00e7\u00e3o de Juiz de Fora em geral. Os ingressos foram distribu\u00eddos para os convidados atrav\u00e9s de sorteio, realizado na \u00faltima quinta-feira, 28.<\/p>\n<p><strong>Hist\u00f3ria do teatro<\/strong><\/p>\n<p>A hist\u00f3ria do Cine-Theatro Central iniciou no ano de 1929, a partir da compra do antigo e pequeno Teatro Polytheama. A compra foi realizada por quatro empreendedores da cidade que enxergavam a necessidade de trazer para a cidade apresenta\u00e7\u00f5es de grandes obras art\u00edsticas que rodavam o mundo, com isso resolveram comprar o antigo espa\u00e7o, que resultou nessa maravilhosa obra que \u00e9 o Cine-Theatro Central.<\/p>\n<p>O espa\u00e7o foi constru\u00eddo com o objetivo de ser um Cine-Teatro. Na \u00e9poca, os cinemas contavam com um espa\u00e7o voltado para orquestras, para que pudessem tocar trilhas sonoras acompanhando o filme, j\u00e1 que os filmes eram mudos.<\/p>\n<div id=\"attachment_137009\" style=\"width: 478px\" class=\"wp-caption aligncenter\"><img loading=\"lazy\" decoding=\"async\" aria-describedby=\"caption-attachment-137009\" class=\" wp-image-137009\" src=\"https:\/\/diarioregionaldigital.com.br\/wp-content\/uploads\/2019\/03\/02-Foto-Rafaela-Frutuoso-300x200.jpg\" alt=\"\" width=\"468\" height=\"312\" srcset=\"https:\/\/diarioregionaldigital.com.br\/wp-content\/uploads\/2019\/03\/02-Foto-Rafaela-Frutuoso-300x200.jpg 300w, https:\/\/diarioregionaldigital.com.br\/wp-content\/uploads\/2019\/03\/02-Foto-Rafaela-Frutuoso-768x512.jpg 768w, https:\/\/diarioregionaldigital.com.br\/wp-content\/uploads\/2019\/03\/02-Foto-Rafaela-Frutuoso-1024x683.jpg 1024w, https:\/\/diarioregionaldigital.com.br\/wp-content\/uploads\/2019\/03\/02-Foto-Rafaela-Frutuoso-360x240.jpg 360w\" sizes=\"auto, (max-width: 468px) 100vw, 468px\" \/><p id=\"caption-attachment-137009\" class=\"wp-caption-text\">Foto: Rafaela Frutuoso<\/p><\/div>\n<p>A constru\u00e7\u00e3o do espa\u00e7o com a exuber\u00e2ncia arquitet\u00f4nica, com v\u00e3os no meio do teatro sem nenhum pilar entre os espectadores e o palco, foi um marco para a hist\u00f3ria local, pois \u00e9 considerada uma inova\u00e7\u00e3o tecnol\u00f3gica para a \u00e9poca.<\/p>\n<p>Em 1994, a Universidade Federal de Juiz de Fora assumiu a dire\u00e7\u00e3o do Cine-Theatro Central e com isso foi poss\u00edvel fazer a preserva\u00e7\u00e3o do espa\u00e7o, com trabalho de restaura\u00e7\u00e3o, recuperando as caracter\u00edsticas iniciais da \u00e9poca da constru\u00e7\u00e3o do espa\u00e7o.<\/p>\n<p><strong>4\u00aa Feira de Discos de Juiz de Fora<\/strong><\/p>\n<p>No domingo, 31, acontecer\u00e1 nas escadarias do Cine-Theatro, na Pra\u00e7a Jo\u00e3o Pessoa, uma feira de discotecagem de LP\u2019s, com v\u00e1rias mostras de LP\u2019s e DJ\u2019sse apresentando e finalizando o dia com a apresenta\u00e7\u00e3o de duas Bandas, A Zagaia e Emin\u00eancia Parda.<\/p>\n","protected":false},"excerpt":{"rendered":"<p>No pr\u00f3ximo s\u00e1bado, 30, o Cine-Theatro Central comemora o seu nonag\u00e9simo anivers\u00e1rio em grande estilo, em uma festa de Noite de Gala. A celebra\u00e7\u00e3o receber\u00e1 o espet\u00e1culo Valencianas, que \u00e9 formado pela conceituada Orquestra Ouro Preto, junto com o cantor e compositor Alceu Valen\u00e7a. Valencianas \u00e9 um projeto de releitura da obra de Alceu Valen\u00e7a [&hellip;]<\/p>\n","protected":false},"author":96,"featured_media":137010,"comment_status":"closed","ping_status":"closed","sticky":false,"template":"","format":"standard","meta":{"footnotes":""},"categories":[253,436,440,439],"tags":[],"class_list":["post-137008","post","type-post","status-publish","format-standard","has-post-thumbnail","hentry","category-cidade","category-destaque-da-semana","category-destaques-do-dia","category-ultima-hora"],"_links":{"self":[{"href":"https:\/\/diarioregionaldigital.com.br\/index.php?rest_route=\/wp\/v2\/posts\/137008","targetHints":{"allow":["GET"]}}],"collection":[{"href":"https:\/\/diarioregionaldigital.com.br\/index.php?rest_route=\/wp\/v2\/posts"}],"about":[{"href":"https:\/\/diarioregionaldigital.com.br\/index.php?rest_route=\/wp\/v2\/types\/post"}],"author":[{"embeddable":true,"href":"https:\/\/diarioregionaldigital.com.br\/index.php?rest_route=\/wp\/v2\/users\/96"}],"replies":[{"embeddable":true,"href":"https:\/\/diarioregionaldigital.com.br\/index.php?rest_route=%2Fwp%2Fv2%2Fcomments&post=137008"}],"version-history":[{"count":0,"href":"https:\/\/diarioregionaldigital.com.br\/index.php?rest_route=\/wp\/v2\/posts\/137008\/revisions"}],"wp:featuredmedia":[{"embeddable":true,"href":"https:\/\/diarioregionaldigital.com.br\/index.php?rest_route=\/wp\/v2\/media\/137010"}],"wp:attachment":[{"href":"https:\/\/diarioregionaldigital.com.br\/index.php?rest_route=%2Fwp%2Fv2%2Fmedia&parent=137008"}],"wp:term":[{"taxonomy":"category","embeddable":true,"href":"https:\/\/diarioregionaldigital.com.br\/index.php?rest_route=%2Fwp%2Fv2%2Fcategories&post=137008"},{"taxonomy":"post_tag","embeddable":true,"href":"https:\/\/diarioregionaldigital.com.br\/index.php?rest_route=%2Fwp%2Fv2%2Ftags&post=137008"}],"curies":[{"name":"wp","href":"https:\/\/api.w.org\/{rel}","templated":true}]}}