{"id":137002,"date":"2019-03-31T06:00:06","date_gmt":"2019-03-31T09:00:06","guid":{"rendered":"https:\/\/diarioregionaldigital.com.br\/?p=137002"},"modified":"2019-03-28T19:16:06","modified_gmt":"2019-03-28T22:16:06","slug":"ambulatorio-trans-abre-inscricoes-para-atendimento-psicanalitico","status":"publish","type":"post","link":"https:\/\/diarioregionaldigital.com.br\/?p=137002","title":{"rendered":"Ambulat\u00f3rio Trans abre inscri\u00e7\u00f5es para atendimento psicanal\u00edtico"},"content":{"rendered":"<p>O Ambulat\u00f3rio de Atendimento Psicol\u00f3gico para o P\u00fablico Transg\u00eanero (Ambulat\u00f3rio Trans), da Universidade Federal de Juiz de Fora (UFJF), est\u00e1 com inscri\u00e7\u00f5es abertas para acompanhamento psicanal\u00edtico individual. O projeto de extens\u00e3o \u00e9 um dos mais recentes da Universidade e tem como p\u00fablico-alvo pessoas travestis e transexuais, que n\u00e3o se identificam com o g\u00eanero designado ao nascimento. O espa\u00e7o \u00e9 de fala e escuta, e os interessados podem ficar \u00e0 vontade para falar sobre quaisquer quest\u00f5es.<\/p>\n<p>A coordenadora da iniciativa e do Centro de Psicologia Aplicada (CPA) e professora do Departamento de Psicologia da UFJF, Alinne Nogueira Silva Coppus, lembra que a experi\u00eancia trans n\u00e3o se resume a quest\u00f5es m\u00e9dicas, como interven\u00e7\u00f5es cir\u00fargicas e hormonais. \u201cN\u00e3o \u00e9 um processo simples, h\u00e1 conflitos. Falar e ser ouvido faz diferen\u00e7a. \u00c9 uma oportunidade para o sujeito se questionar, saberse \u00e9 isso mesmo que ele quer, saber de onde vem esse desejo.\u201d Ela ressalta tamb\u00e9m que o espa\u00e7o de escuta \u00e9 aberto para que as pessoas falem sobre o que vier \u00e0 mente. \u201c\u00c0s vezes, h\u00e1 o pensamento de que, por ser um ambulat\u00f3rio trans, as pessoas t\u00eam que falar sobre quest\u00f5es trans. Mas n\u00e3o \u00e9 assim, o sujeito pode falar do que ele quiser, sendo temas trans ou n\u00e3o.\u201d<\/p>\n<p>Alinne pontua, ainda, que a inten\u00e7\u00e3o n\u00e3o \u00e9 ofertar uma identidade pronta para o sujeito, mas \u00e9 uma possibilidade para este se reconhecer em algum espa\u00e7o. \u201cExiste uma ideia de que problemas com a sexualidade, por exemplo, podem estar ligados a quest\u00e3o trans, mas n\u00e3o \u00e9 assim necessariamente. Tem a ver com a pessoa construir uma identidade poss\u00edvel para ela mesma, que n\u00e3o precisa, obrigatoriamente, passar pelo tratamento hormonal.No atendimento psicanal\u00edtico, h\u00e1 um convite para o sujeito falar dele, do que ele conhece ou n\u00e3o, do que entende ou n\u00e3o.\u201d<\/p>\n<p>A proposta do Ambulat\u00f3rio \u00e9 oferecer o servi\u00e7o ao p\u00fablico em situa\u00e7\u00e3o de vulnerabilidade social e, junto a essa atividade de extens\u00e3o, promover pesquisa a partir dos acompanhamentos. Os atendimentos s\u00e3o feitos pela coordenadora e por bolsistas e volunt\u00e1rios do curso de Psicologia. Al\u00e9m do acompanhamento cl\u00ednico, h\u00e1 supervis\u00f5es semanais e grupo de estudos, com leituras e discuss\u00f5es de textos te\u00f3ricos que embasam a pr\u00e1tica.Como \u00e9 caracter\u00edstico da psican\u00e1lise ser uma pr\u00e1tica extremamente aliada \u00e0 pesquisa, Alinne explica que a ideia \u201c\u00e9 construir um saber com base nos casos, criar algo novo a partir do que os pr\u00f3prios pacientes ensinam\u201d.<\/p>\n<p>O CPA fica localizado na Rua Santos Dumont 214, no Centro da cidade. Para se inscrever, basta ligar no n\u00famero (32) 3216-1029 e deixar nome e telefone. Algum membro da equipe ir\u00e1 retornar para agendar o atendimento.<\/p>\n<p>&nbsp;<\/p>\n<p>Fonte: UFJF<\/p>\n","protected":false},"excerpt":{"rendered":"<p>O Ambulat\u00f3rio de Atendimento Psicol\u00f3gico para o P\u00fablico Transg\u00eanero (Ambulat\u00f3rio Trans), da Universidade Federal de Juiz de Fora (UFJF), est\u00e1 com inscri\u00e7\u00f5es abertas para acompanhamento psicanal\u00edtico individual. O projeto de extens\u00e3o \u00e9 um dos mais recentes da Universidade e tem como p\u00fablico-alvo pessoas travestis e transexuais, que n\u00e3o se identificam com o g\u00eanero designado ao [&hellip;]<\/p>\n","protected":false},"author":96,"featured_media":130741,"comment_status":"closed","ping_status":"closed","sticky":false,"template":"","format":"standard","meta":{"footnotes":""},"categories":[253,436,440,439],"tags":[],"class_list":["post-137002","post","type-post","status-publish","format-standard","has-post-thumbnail","hentry","category-cidade","category-destaque-da-semana","category-destaques-do-dia","category-ultima-hora"],"_links":{"self":[{"href":"https:\/\/diarioregionaldigital.com.br\/index.php?rest_route=\/wp\/v2\/posts\/137002","targetHints":{"allow":["GET"]}}],"collection":[{"href":"https:\/\/diarioregionaldigital.com.br\/index.php?rest_route=\/wp\/v2\/posts"}],"about":[{"href":"https:\/\/diarioregionaldigital.com.br\/index.php?rest_route=\/wp\/v2\/types\/post"}],"author":[{"embeddable":true,"href":"https:\/\/diarioregionaldigital.com.br\/index.php?rest_route=\/wp\/v2\/users\/96"}],"replies":[{"embeddable":true,"href":"https:\/\/diarioregionaldigital.com.br\/index.php?rest_route=%2Fwp%2Fv2%2Fcomments&post=137002"}],"version-history":[{"count":0,"href":"https:\/\/diarioregionaldigital.com.br\/index.php?rest_route=\/wp\/v2\/posts\/137002\/revisions"}],"wp:featuredmedia":[{"embeddable":true,"href":"https:\/\/diarioregionaldigital.com.br\/index.php?rest_route=\/wp\/v2\/media\/130741"}],"wp:attachment":[{"href":"https:\/\/diarioregionaldigital.com.br\/index.php?rest_route=%2Fwp%2Fv2%2Fmedia&parent=137002"}],"wp:term":[{"taxonomy":"category","embeddable":true,"href":"https:\/\/diarioregionaldigital.com.br\/index.php?rest_route=%2Fwp%2Fv2%2Fcategories&post=137002"},{"taxonomy":"post_tag","embeddable":true,"href":"https:\/\/diarioregionaldigital.com.br\/index.php?rest_route=%2Fwp%2Fv2%2Ftags&post=137002"}],"curies":[{"name":"wp","href":"https:\/\/api.w.org\/{rel}","templated":true}]}}