{"id":136999,"date":"2019-03-31T06:00:53","date_gmt":"2019-03-31T09:00:53","guid":{"rendered":"https:\/\/diarioregionaldigital.com.br\/?p=136999"},"modified":"2019-03-28T19:14:05","modified_gmt":"2019-03-28T22:14:05","slug":"influenciadores-digitais","status":"publish","type":"post","link":"https:\/\/diarioregionaldigital.com.br\/?p=136999","title":{"rendered":"INFLUENCIADORES DIGITAIS"},"content":{"rendered":"<p><strong>\u00a0<\/strong><\/p>\n<p>Com o relativo fracasso das m\u00eddias tradicionais, hoje a nossa sociedade \u00e9 sacudida pela exist\u00eancia e prolifera\u00e7\u00e3o das redes sociais e, nessas, a figura meio misteriosa dos influenciadores digitais. Com a autoridade de quem conhece profundamente o assunto, Maur\u00edcio Dinepi realizou confer\u00eancia no Conselho T\u00e9cnico da Confedera\u00e7\u00e3o Nacional do Com\u00e9rcio de Bens, Servi\u00e7os e Turismo.<\/p>\n<p>Foi uma bela oportunidade para questionar o futuro da comunica\u00e7\u00e3o no Brasil e no mundo, com tantas e t\u00e3o atraentes inova\u00e7\u00f5es.<\/p>\n<p>\u00c9 cada vez maior a presen\u00e7a dos micros e macros influenciadores digitais no panorama e n\u00e3o deixa de incomodar a exist\u00eancia cada vez maior de <strong>fake-news<\/strong>, que antigamente cham\u00e1vamos de boatos. Hoje, proliferam de maneira assustadora, no mundo todo, como se fosse inevit\u00e1vel conviver com eles.<\/p>\n<p>Num com\u00e9rcio que movimentou no ano passado cerca de 50 bilh\u00f5es de d\u00f3lares, embora se possa admitir que a tecnologia seja neutra, a sua exist\u00eancia \u00e9 digna de respeito. \u00c9 certo que haja um decr\u00e9scimo no n\u00famero de emissoras de r\u00e1dio e televis\u00e3o, por exemplo, mas da\u00ed a admitir-se que elas morrer\u00e3o vai uma dist\u00e2ncia enorme. \u00c9 o caso tamb\u00e9m dos nossos principais jornais, que sobrevivem estoicamente, embora com tiragens mais reduzidas. Ainda se l\u00ea muito em nosso pa\u00eds.<\/p>\n<p>Especialistas concluem que a imprensa escrita tradicional vai ceder espa\u00e7o para uma inevit\u00e1vel segmenta\u00e7\u00e3o \u2013 e esse movimento j\u00e1 teve in\u00edcio, inclusive em nosso pa\u00eds. Nossos ve\u00edculos continuam a ser bons provedores de conte\u00fados.<\/p>\n<p>Na confer\u00eancia de Dinepi, antes referida, discutiu-se a raz\u00e3o do decl\u00ednio da Editora Abril, antes poderosa e que hoje passa por incr\u00edveis dificuldades, apesar de ter em seu acervo uma revista do porte e da import\u00e2ncia da \u201cVeja\u201d. O certo \u00e9 que o momento exige compet\u00eancia \u00edmpar na condu\u00e7\u00e3o administrativa. Falhas podem ser fatais.<\/p>\n<p>Uma d\u00favida que ficou em nosso esp\u00edrito refere-se \u00e0 durabilidade desse movimento de internet a toda prova. Quanto tempo deveremos viver a \u00e9poca dos influenciadores digitais? Outra quest\u00e3o \u00e9 como levar a internet para um lado eminentemente positivo? O mercado d\u00e1 sinais de exaust\u00e3o com a sucess\u00e3o de boatos indesculp\u00e1veis que marcam de modo lament\u00e1vel o importante setor.<\/p>\n<p>Tudo isso se discute, mais ainda quando se analisa a presen\u00e7a das crian\u00e7as nesse processo. Elas, em alguns casos, est\u00e3o sendo submetidas a leituras desaconselh\u00e1veis. H\u00e1 uma clara distor\u00e7\u00e3o na educa\u00e7\u00e3o sexual e isso \u00e9 indesculp\u00e1vel.<\/p>\n","protected":false},"excerpt":{"rendered":"<p>\u00a0 Com o relativo fracasso das m\u00eddias tradicionais, hoje a nossa sociedade \u00e9 sacudida pela exist\u00eancia e prolifera\u00e7\u00e3o das redes sociais e, nessas, a figura meio misteriosa dos influenciadores digitais. Com a autoridade de quem conhece profundamente o assunto, Maur\u00edcio Dinepi realizou confer\u00eancia no Conselho T\u00e9cnico da Confedera\u00e7\u00e3o Nacional do Com\u00e9rcio de Bens, Servi\u00e7os e [&hellip;]<\/p>\n","protected":false},"author":96,"featured_media":96753,"comment_status":"closed","ping_status":"closed","sticky":false,"template":"","format":"standard","meta":{"footnotes":""},"categories":[275,435,439],"tags":[],"class_list":["post-136999","post","type-post","status-publish","format-standard","has-post-thumbnail","hentry","category-arnaldo-niskier","category-colunas","category-ultima-hora"],"_links":{"self":[{"href":"https:\/\/diarioregionaldigital.com.br\/index.php?rest_route=\/wp\/v2\/posts\/136999","targetHints":{"allow":["GET"]}}],"collection":[{"href":"https:\/\/diarioregionaldigital.com.br\/index.php?rest_route=\/wp\/v2\/posts"}],"about":[{"href":"https:\/\/diarioregionaldigital.com.br\/index.php?rest_route=\/wp\/v2\/types\/post"}],"author":[{"embeddable":true,"href":"https:\/\/diarioregionaldigital.com.br\/index.php?rest_route=\/wp\/v2\/users\/96"}],"replies":[{"embeddable":true,"href":"https:\/\/diarioregionaldigital.com.br\/index.php?rest_route=%2Fwp%2Fv2%2Fcomments&post=136999"}],"version-history":[{"count":0,"href":"https:\/\/diarioregionaldigital.com.br\/index.php?rest_route=\/wp\/v2\/posts\/136999\/revisions"}],"wp:featuredmedia":[{"embeddable":true,"href":"https:\/\/diarioregionaldigital.com.br\/index.php?rest_route=\/wp\/v2\/media\/96753"}],"wp:attachment":[{"href":"https:\/\/diarioregionaldigital.com.br\/index.php?rest_route=%2Fwp%2Fv2%2Fmedia&parent=136999"}],"wp:term":[{"taxonomy":"category","embeddable":true,"href":"https:\/\/diarioregionaldigital.com.br\/index.php?rest_route=%2Fwp%2Fv2%2Fcategories&post=136999"},{"taxonomy":"post_tag","embeddable":true,"href":"https:\/\/diarioregionaldigital.com.br\/index.php?rest_route=%2Fwp%2Fv2%2Ftags&post=136999"}],"curies":[{"name":"wp","href":"https:\/\/api.w.org\/{rel}","templated":true}]}}