{"id":136963,"date":"2019-03-31T06:00:49","date_gmt":"2019-03-31T09:00:49","guid":{"rendered":"https:\/\/diarioregionaldigital.com.br\/?p=136963"},"modified":"2019-03-28T14:34:52","modified_gmt":"2019-03-28T17:34:52","slug":"mais-de-40-dos-pequenos-empresarios-mantem-intencao-de-investir","status":"publish","type":"post","link":"https:\/\/diarioregionaldigital.com.br\/?p=136963","title":{"rendered":"Mais de 40% dos pequenos empres\u00e1rios mant\u00eam inten\u00e7\u00e3o de investir"},"content":{"rendered":"<p>Pelo menos 41% dos micro e pequenos empres\u00e1rios do varejo e do setor de servi\u00e7os pretendem investir em seus neg\u00f3cios nos pr\u00f3ximos tr\u00eas meses, revela levantamento feito em fevereiro pela Confedera\u00e7\u00e3o Nacional de Dirigentes Lojistas (CNDL) e pelo Servi\u00e7o de Prote\u00e7\u00e3o ao Cr\u00e9dito (SPC Brasil). O percentual \u00e9 8% maior do que o registrado no mesmo m\u00eas do ano passado. Ao mesmo tempo, 38% n\u00e3o planejam fazer qualquer tipo de movimento nesse sentido e 21% ainda n\u00e3o sabem se o far\u00e3o.<\/p>\n<p>Segundo a pesquisa, a propens\u00e3o de investimento das micro e pequenas empresas passou de 40,7 pontos em fevereiro de 2018 para 49,0 pontos em fevereiro deste ano, uma alta de 20% na compara\u00e7\u00e3o anual. Pela metodologia, quanto mais pr\u00f3xima de 100, maior a propens\u00e3o para o investimento. Quanto mais pr\u00f3ximo de zero, menor a propens\u00e3o.<\/p>\n<p>De acordo com o levantamento, 55% daqueles que pretendem investir pensam em vender mais; 30% querem atender ao aumento da demanda e 26% procuram adaptar a empresa \u00e0s novas tecnologias. Os recursos obtidos ser\u00e3o usados principalmente na compra de equipamento (37%): na reforma da empresa\u00a0(25%); e na amplia\u00e7\u00e3o do estoque (19%).<\/p>\n<p>O capital pr\u00f3prio mantido como poupan\u00e7a \u00e9 o apontado por 52%; 15% dizem que o recurso \u00e9 oriundo da venda de algum bem e 23% citam empr\u00e9stimos em bancos e financeiras.<\/p>\n<p><strong>Demanda por cr\u00e9dito<\/strong><\/p>\n<p>A pesquisa revela que, em fevereiro, a propens\u00e3o dos micro e pequenos empres\u00e1rios em tomar cr\u00e9dito caiu 5% em rela\u00e7\u00e3o a janeiro. No m\u00eas passado, o indicador que mede a demanda por cr\u00e9dito registrou 24 pontos contra 25,1 em janeiro; e 20 pontos em fevereiro de 2018, o que significa avan\u00e7o de 20% em rela\u00e7\u00e3o ao ano passado.<\/p>\n<p>Os dados mostram que 52% dos micro e pequenos empres\u00e1rios pretendem tomar cr\u00e9dito por meio de empr\u00e9stimo, seguido do financiamento (30%) e do cart\u00e3o de cr\u00e9dito empresarial (10%). As finalidades do cr\u00e9dito s\u00e3o o capital de giro (36%); a amplia\u00e7\u00e3o do neg\u00f3cio (30%) e a compra de equipamentos (29%). O levantamento revela ainda que 32% consideram o processo de contrata\u00e7\u00e3o de cr\u00e9dito dif\u00edcil ou muito dif\u00edcil, enquanto 23% acham f\u00e1cil ou muito f\u00e1cil e 15% n\u00e3o consideram nem f\u00e1cil, nem dif\u00edcil.<\/p>\n<p>No sentido contr\u00e1rio, daqueles que n\u00e3o pretendem contratar cr\u00e9dito, 45% alegaram que conseguem manter o neg\u00f3cio com recursos pr\u00f3prios, 37,1% disseram que, no momento, a empresa n\u00e3o tem necessidade e 23% consideram as taxas de juros elevadas. Uma parte dos empres\u00e1rios (62%) considera a contrata\u00e7\u00e3o dif\u00edcil devido \u00e0 burocracia e \u00e0s exig\u00eancias dos bancos.<\/p>\n<p>A pesquisa indica tamb\u00e9m que 43% dos empres\u00e1rios veem os juros altos como um grande impeditivo. J\u00e1 entre os que consideram f\u00e1cil a obten\u00e7\u00e3o de cr\u00e9dito, 54% citam o bom relacionamento com as institui\u00e7\u00f5es financeiras; % mencionam o fato de ter as contas em dia e 20% apontam o tempo de exist\u00eancia da empresa como item importante; e 19% dizem que a documenta\u00e7\u00e3o da empresa em ordem facilita o processo.Para 25% dos entrrevistados, o cr\u00e9dito mais dif\u00edcil de ser contratado \u00e9 o do Banco Nacional de Desenvolvimento Econ\u00f4mico e Social (BNDES),enquanto 16% apontam o empr\u00e9stimo em institui\u00e7\u00f5es financeiras.<\/p>\n<p>\u201cA diferen\u00e7a de n\u00edvel entre o Indicador de Demanda por Cr\u00e9dito e a Propens\u00e3o para o Investimento sugere que muitas das melhorias dos neg\u00f3cios s\u00e3o feitas com recursos pr\u00f3prios. Esse cen\u00e1rio forma-se em decorr\u00eancia das taxas de juros, ainda elevadas, e do desconhecimento das micro e pequenas empresas das modalidades existentes no mercado com condi\u00e7\u00f5es e taxas menores para este segmento\u201d, disse presidente do SPC Brasil, Roque Pellizzaro Junior.<\/p>\n<p>&nbsp;<\/p>\n<p>Fonte: Ag\u00eancia Brasil<\/p>\n","protected":false},"excerpt":{"rendered":"<p>Pelo menos 41% dos micro e pequenos empres\u00e1rios do varejo e do setor de servi\u00e7os pretendem investir em seus neg\u00f3cios nos pr\u00f3ximos tr\u00eas meses, revela levantamento feito em fevereiro pela Confedera\u00e7\u00e3o Nacional de Dirigentes Lojistas (CNDL) e pelo Servi\u00e7o de Prote\u00e7\u00e3o ao Cr\u00e9dito (SPC Brasil). O percentual \u00e9 8% maior do que o registrado no [&hellip;]<\/p>\n","protected":false},"author":96,"featured_media":112399,"comment_status":"closed","ping_status":"closed","sticky":false,"template":"","format":"standard","meta":{"footnotes":""},"categories":[436,261,439],"tags":[],"class_list":["post-136963","post","type-post","status-publish","format-standard","has-post-thumbnail","hentry","category-destaque-da-semana","category-economia","category-ultima-hora"],"_links":{"self":[{"href":"https:\/\/diarioregionaldigital.com.br\/index.php?rest_route=\/wp\/v2\/posts\/136963","targetHints":{"allow":["GET"]}}],"collection":[{"href":"https:\/\/diarioregionaldigital.com.br\/index.php?rest_route=\/wp\/v2\/posts"}],"about":[{"href":"https:\/\/diarioregionaldigital.com.br\/index.php?rest_route=\/wp\/v2\/types\/post"}],"author":[{"embeddable":true,"href":"https:\/\/diarioregionaldigital.com.br\/index.php?rest_route=\/wp\/v2\/users\/96"}],"replies":[{"embeddable":true,"href":"https:\/\/diarioregionaldigital.com.br\/index.php?rest_route=%2Fwp%2Fv2%2Fcomments&post=136963"}],"version-history":[{"count":0,"href":"https:\/\/diarioregionaldigital.com.br\/index.php?rest_route=\/wp\/v2\/posts\/136963\/revisions"}],"wp:featuredmedia":[{"embeddable":true,"href":"https:\/\/diarioregionaldigital.com.br\/index.php?rest_route=\/wp\/v2\/media\/112399"}],"wp:attachment":[{"href":"https:\/\/diarioregionaldigital.com.br\/index.php?rest_route=%2Fwp%2Fv2%2Fmedia&parent=136963"}],"wp:term":[{"taxonomy":"category","embeddable":true,"href":"https:\/\/diarioregionaldigital.com.br\/index.php?rest_route=%2Fwp%2Fv2%2Fcategories&post=136963"},{"taxonomy":"post_tag","embeddable":true,"href":"https:\/\/diarioregionaldigital.com.br\/index.php?rest_route=%2Fwp%2Fv2%2Ftags&post=136963"}],"curies":[{"name":"wp","href":"https:\/\/api.w.org\/{rel}","templated":true}]}}