{"id":136813,"date":"2019-03-26T18:49:49","date_gmt":"2019-03-26T21:49:49","guid":{"rendered":"https:\/\/diarioregionaldigital.com.br\/?p=136813"},"modified":"2019-03-26T18:49:49","modified_gmt":"2019-03-26T21:49:49","slug":"pjf-realizara-o-pagamento-dos-servidores-no-dia-5-de-abril","status":"publish","type":"post","link":"https:\/\/diarioregionaldigital.com.br\/?p=136813","title":{"rendered":"PJF realizar\u00e1 o pagamento dos servidores no dia 5 de abril"},"content":{"rendered":"<p>A Prefeitura de Juiz de Fora (PJF) definiu nessa ter\u00e7a-feira, 26, a data de pagamento do sal\u00e1rio dos servidores referente ao m\u00eas de mar\u00e7o. Segundo a PJF, o pagamento ser\u00e1 efetuado na sexta-feira, 5 de abril, quinto dia \u00fatil do m\u00eas.<\/p>\n<p>A defini\u00e7\u00e3o da data foi conclu\u00edda ap\u00f3s an\u00e1lise financeira do Munic\u00edpio. Segundo a PJF, \u201cdevido ao grave cen\u00e1rio de crise fiscal, a Administra\u00e7\u00e3o tem realizado todos os esfor\u00e7os visando realizar os ajustes necess\u00e1rios de despesas e receitas\u201d.<\/p>\n","protected":false},"excerpt":{"rendered":"<p>A Prefeitura de Juiz de Fora (PJF) definiu nessa ter\u00e7a-feira, 26, a data de pagamento do sal\u00e1rio dos servidores referente ao m\u00eas de mar\u00e7o. Segundo a PJF, o pagamento ser\u00e1 efetuado na sexta-feira, 5 de abril, quinto dia \u00fatil do m\u00eas. A defini\u00e7\u00e3o da data foi conclu\u00edda ap\u00f3s an\u00e1lise financeira do Munic\u00edpio. Segundo a PJF, [&hellip;]<\/p>\n","protected":false},"author":96,"featured_media":136816,"comment_status":"closed","ping_status":"closed","sticky":false,"template":"","format":"standard","meta":{"footnotes":""},"categories":[253,436,440,439],"tags":[],"class_list":["post-136813","post","type-post","status-publish","format-standard","has-post-thumbnail","hentry","category-cidade","category-destaque-da-semana","category-destaques-do-dia","category-ultima-hora"],"_links":{"self":[{"href":"https:\/\/diarioregionaldigital.com.br\/index.php?rest_route=\/wp\/v2\/posts\/136813","targetHints":{"allow":["GET"]}}],"collection":[{"href":"https:\/\/diarioregionaldigital.com.br\/index.php?rest_route=\/wp\/v2\/posts"}],"about":[{"href":"https:\/\/diarioregionaldigital.com.br\/index.php?rest_route=\/wp\/v2\/types\/post"}],"author":[{"embeddable":true,"href":"https:\/\/diarioregionaldigital.com.br\/index.php?rest_route=\/wp\/v2\/users\/96"}],"replies":[{"embeddable":true,"href":"https:\/\/diarioregionaldigital.com.br\/index.php?rest_route=%2Fwp%2Fv2%2Fcomments&post=136813"}],"version-history":[{"count":0,"href":"https:\/\/diarioregionaldigital.com.br\/index.php?rest_route=\/wp\/v2\/posts\/136813\/revisions"}],"wp:featuredmedia":[{"embeddable":true,"href":"https:\/\/diarioregionaldigital.com.br\/index.php?rest_route=\/wp\/v2\/media\/136816"}],"wp:attachment":[{"href":"https:\/\/diarioregionaldigital.com.br\/index.php?rest_route=%2Fwp%2Fv2%2Fmedia&parent=136813"}],"wp:term":[{"taxonomy":"category","embeddable":true,"href":"https:\/\/diarioregionaldigital.com.br\/index.php?rest_route=%2Fwp%2Fv2%2Fcategories&post=136813"},{"taxonomy":"post_tag","embeddable":true,"href":"https:\/\/diarioregionaldigital.com.br\/index.php?rest_route=%2Fwp%2Fv2%2Ftags&post=136813"}],"curies":[{"name":"wp","href":"https:\/\/api.w.org\/{rel}","templated":true}]}}