{"id":136779,"date":"2019-03-26T14:20:23","date_gmt":"2019-03-26T17:20:23","guid":{"rendered":"https:\/\/diarioregionaldigital.com.br\/?p=136779"},"modified":"2019-03-26T18:45:36","modified_gmt":"2019-03-26T21:45:36","slug":"homem-morre-soterrado-em-obra-no-bairro-bom-pastor","status":"publish","type":"post","link":"https:\/\/diarioregionaldigital.com.br\/?p=136779","title":{"rendered":"Homem morre soterrado em obra no Bairro Bom Pastor"},"content":{"rendered":"<p>Um homem, 63 anos, foi soterrado na manh\u00e3 dessa ter\u00e7a-feira, 26, enquanto trabalhava na constru\u00e7\u00e3o de um edif\u00edcio na Rua Vicente Ad\u00e3o Botti, no Bairro Bom Pastor, em Juiz de Fora.<\/p>\n<p>O \u00f3bito da v\u00edtima foi confirmado por volta das 16 horas. Segundo o Corpo de Bombeiros, o acidente aconteceu \u00e0s 10h e os militares foram acionados por volta de 11 horas. O trabalhador estava dentro de um buraco com 7 metros de profundidade. Foram retirados tr\u00eas metros de terra de cima do corpo da v\u00edtima que escavava uma estrutura, conhecida como tubul\u00e3o,para fazer a funda\u00e7\u00e3o do edif\u00edcio nos fundos do terreno quando o barranco deslizou e o soterrou.<\/p>\n<p>Militares do Corpo de Bombeiros atuaram no local por cerca de cinco horas. Foram 10 militares trabalhando na ocorr\u00eancia que estavam se revezando na descida da funda\u00e7\u00e3o para que fosse feita a escava\u00e7\u00e3o para encontrar e retirar o corpo. De acordo com o Capit\u00e3o Jeorge Sant\u2019ana, foi \u201cuma escava\u00e7\u00e3o bem delicada, bem detalhada, para chegar at\u00e9 o oper\u00e1rio e retir\u00e1-lo\u201d, disse. Ele ainda comentou que os escoramentos foram realizados e que o local n\u00e3o apresenta risco.O capit\u00e3o explicou que um militar ficou respons\u00e1vel por \u201cfazer a visualiza\u00e7\u00e3o de uma poss\u00edvel movimenta\u00e7\u00e3o da terra\u201d enquanto a a\u00e7\u00e3o era realizada.<\/p>\n<p>A Defesa Civil tamb\u00e9m esteve no local para realizar o levantamento das informa\u00e7\u00f5es e entender qual foi a causa do acidente.<\/p>\n<p>&nbsp;<\/p>\n<p>&nbsp;<\/p>\n","protected":false},"excerpt":{"rendered":"<p>Um homem, 63 anos, foi soterrado na manh\u00e3 dessa ter\u00e7a-feira, 26, enquanto trabalhava na constru\u00e7\u00e3o de um edif\u00edcio na Rua Vicente Ad\u00e3o Botti, no Bairro Bom Pastor, em Juiz de Fora. O \u00f3bito da v\u00edtima foi confirmado por volta das 16 horas. Segundo o Corpo de Bombeiros, o acidente aconteceu \u00e0s 10h e os militares [&hellip;]<\/p>\n","protected":false},"author":96,"featured_media":136810,"comment_status":"closed","ping_status":"closed","sticky":false,"template":"","format":"standard","meta":{"footnotes":""},"categories":[253,436,440,439],"tags":[],"class_list":["post-136779","post","type-post","status-publish","format-standard","has-post-thumbnail","hentry","category-cidade","category-destaque-da-semana","category-destaques-do-dia","category-ultima-hora"],"_links":{"self":[{"href":"https:\/\/diarioregionaldigital.com.br\/index.php?rest_route=\/wp\/v2\/posts\/136779","targetHints":{"allow":["GET"]}}],"collection":[{"href":"https:\/\/diarioregionaldigital.com.br\/index.php?rest_route=\/wp\/v2\/posts"}],"about":[{"href":"https:\/\/diarioregionaldigital.com.br\/index.php?rest_route=\/wp\/v2\/types\/post"}],"author":[{"embeddable":true,"href":"https:\/\/diarioregionaldigital.com.br\/index.php?rest_route=\/wp\/v2\/users\/96"}],"replies":[{"embeddable":true,"href":"https:\/\/diarioregionaldigital.com.br\/index.php?rest_route=%2Fwp%2Fv2%2Fcomments&post=136779"}],"version-history":[{"count":0,"href":"https:\/\/diarioregionaldigital.com.br\/index.php?rest_route=\/wp\/v2\/posts\/136779\/revisions"}],"wp:featuredmedia":[{"embeddable":true,"href":"https:\/\/diarioregionaldigital.com.br\/index.php?rest_route=\/wp\/v2\/media\/136810"}],"wp:attachment":[{"href":"https:\/\/diarioregionaldigital.com.br\/index.php?rest_route=%2Fwp%2Fv2%2Fmedia&parent=136779"}],"wp:term":[{"taxonomy":"category","embeddable":true,"href":"https:\/\/diarioregionaldigital.com.br\/index.php?rest_route=%2Fwp%2Fv2%2Fcategories&post=136779"},{"taxonomy":"post_tag","embeddable":true,"href":"https:\/\/diarioregionaldigital.com.br\/index.php?rest_route=%2Fwp%2Fv2%2Ftags&post=136779"}],"curies":[{"name":"wp","href":"https:\/\/api.w.org\/{rel}","templated":true}]}}