{"id":136775,"date":"2019-03-26T13:56:15","date_gmt":"2019-03-26T16:56:15","guid":{"rendered":"https:\/\/diarioregionaldigital.com.br\/?p=136775"},"modified":"2019-03-26T13:56:15","modified_gmt":"2019-03-26T16:56:15","slug":"mourao-diz-que-ha-preconceito-e-desinformacao-sobre-carreira-militar","status":"publish","type":"post","link":"https:\/\/diarioregionaldigital.com.br\/?p=136775","title":{"rendered":"Mour\u00e3o diz que h\u00e1 preconceito e desinforma\u00e7\u00e3o sobre carreira militar"},"content":{"rendered":"<p>O vice-presidente da Rep\u00fablica, Hamilton Mour\u00e3o, disse\u00a0nesta ter\u00e7a-feira, 26, ao falar sobre a reforma da Previd\u00eancia, que h\u00e1 preconceito e desinforma\u00e7\u00e3o sobre a carreira militar. A afirma\u00e7\u00e3o foi feita durante evento da Funda\u00e7\u00e3o Cultural do Ex\u00e9rcito, no Rio\u00a0de Janeiro.<\/p>\n<p>&#8220;Estamos vivendo essa primeira fase do nosso governo, onde o objetivo primordial \u00e9 que a gente consiga realizar a nova Previd\u00eancia. Ela atinge tanto o p\u00fablico civil como o p\u00fablico militar. Existe, por outro lado, uma s\u00e9rie de preconceitos,\u00a0desinforma\u00e7\u00e3o e falta de\u00a0conhecimento sobre as peculiaridades da profiss\u00e3o militar&#8221;, disse, em depoimento \u00e0\u00a0<strong>TV NBR<\/strong>.<\/p>\n<p>A proposta de reforma do sistema de prote\u00e7\u00e3o social prev\u00ea super\u00e1vit de R$ 97,3 bilh\u00f5es em dez anos. Mas\u00a0como foi apresentada uma\u00a0reestrutura\u00e7\u00e3o da carreira militar\u00a0que custar\u00e1 mais R$ 86,85 bilh\u00f5es aos cofres p\u00fablicos no per\u00edodo, o\u00a0super\u00e1vit ser\u00e1 de apenas R$ 10,45 bilh\u00f5es.<\/p>\n<p>&nbsp;<\/p>\n<p>Fonte: Ag\u00eancia Brasil<\/p>\n","protected":false},"excerpt":{"rendered":"<p>O vice-presidente da Rep\u00fablica, Hamilton Mour\u00e3o, disse\u00a0nesta ter\u00e7a-feira, 26, ao falar sobre a reforma da Previd\u00eancia, que h\u00e1 preconceito e desinforma\u00e7\u00e3o sobre a carreira militar. A afirma\u00e7\u00e3o foi feita durante evento da Funda\u00e7\u00e3o Cultural do Ex\u00e9rcito, no Rio\u00a0de Janeiro. &#8220;Estamos vivendo essa primeira fase do nosso governo, onde o objetivo primordial \u00e9 que a gente [&hellip;]<\/p>\n","protected":false},"author":96,"featured_media":136777,"comment_status":"closed","ping_status":"closed","sticky":false,"template":"","format":"standard","meta":{"footnotes":""},"categories":[436,262,254,439],"tags":[],"class_list":["post-136775","post","type-post","status-publish","format-standard","has-post-thumbnail","hentry","category-destaque-da-semana","category-noticias","category-politica","category-ultima-hora"],"_links":{"self":[{"href":"https:\/\/diarioregionaldigital.com.br\/index.php?rest_route=\/wp\/v2\/posts\/136775","targetHints":{"allow":["GET"]}}],"collection":[{"href":"https:\/\/diarioregionaldigital.com.br\/index.php?rest_route=\/wp\/v2\/posts"}],"about":[{"href":"https:\/\/diarioregionaldigital.com.br\/index.php?rest_route=\/wp\/v2\/types\/post"}],"author":[{"embeddable":true,"href":"https:\/\/diarioregionaldigital.com.br\/index.php?rest_route=\/wp\/v2\/users\/96"}],"replies":[{"embeddable":true,"href":"https:\/\/diarioregionaldigital.com.br\/index.php?rest_route=%2Fwp%2Fv2%2Fcomments&post=136775"}],"version-history":[{"count":0,"href":"https:\/\/diarioregionaldigital.com.br\/index.php?rest_route=\/wp\/v2\/posts\/136775\/revisions"}],"wp:featuredmedia":[{"embeddable":true,"href":"https:\/\/diarioregionaldigital.com.br\/index.php?rest_route=\/wp\/v2\/media\/136777"}],"wp:attachment":[{"href":"https:\/\/diarioregionaldigital.com.br\/index.php?rest_route=%2Fwp%2Fv2%2Fmedia&parent=136775"}],"wp:term":[{"taxonomy":"category","embeddable":true,"href":"https:\/\/diarioregionaldigital.com.br\/index.php?rest_route=%2Fwp%2Fv2%2Fcategories&post=136775"},{"taxonomy":"post_tag","embeddable":true,"href":"https:\/\/diarioregionaldigital.com.br\/index.php?rest_route=%2Fwp%2Fv2%2Ftags&post=136775"}],"curies":[{"name":"wp","href":"https:\/\/api.w.org\/{rel}","templated":true}]}}