{"id":136771,"date":"2019-03-26T13:48:09","date_gmt":"2019-03-26T16:48:09","guid":{"rendered":"https:\/\/diarioregionaldigital.com.br\/?p=136771"},"modified":"2019-03-26T13:48:09","modified_gmt":"2019-03-26T16:48:09","slug":"petrobras-anuncia-mudanca-na-periodicidade-de-reajuste-do-oleo-diesel","status":"publish","type":"post","link":"https:\/\/diarioregionaldigital.com.br\/?p=136771","title":{"rendered":"Petrobras anuncia mudan\u00e7a na periodicidade de reajuste do \u00f3leo diesel"},"content":{"rendered":"<p>A Petrobras anunciou nesta ter\u00e7a-feira, 26, mudan\u00e7a na periodicidade para reajustes do \u00f3leo diesel. A partir de agora, o pre\u00e7o do combust\u00edvel n\u00e3o poder\u00e1 ser reajustado em per\u00edodos inferiores a 15 dias.<\/p>\n<p>At\u00e9 ent\u00e3o, o valor do litro do diesel poderia variar at\u00e9 diariamente. Segundo a estatal, os pre\u00e7os do diesel nas refinarias da companhia correspondem a cerca de 54% dos pre\u00e7os ao consumidor final.<\/p>\n<p>A estatal anunciou ainda a cria\u00e7\u00e3o do \u201cCart\u00e3o Caminhoneiro\u201d, que permitir\u00e1 a compra do combust\u00edvel a pre\u00e7o fixo nos postos com a bandeira BR. O cart\u00e3o deve entrar no mercado em 90 dias. Segundo a empresa, o cart\u00e3o &#8220;servir\u00e1 como uma op\u00e7\u00e3o de prote\u00e7\u00e3o da volatilidade de pre\u00e7os, garantindo assim a estabilidade durante a realiza\u00e7\u00e3o de viagens&#8221;.<\/p>\n<p>A decis\u00e3o foi aprovada em reuni\u00e3o com a diretoria executiva. Em nota, a Petrobras garante que \u201cmanter\u00e1 a observ\u00e2ncia de pre\u00e7os de paridade internacional (PPI), abstendo-se, portanto, de pr\u00e1ticas que poderiam caracterizar o exerc\u00edcio de poder de monop\u00f3lio, j\u00e1 que possui 98% da capacidade de refino do Brasil\u201d.<\/p>\n<p>A alta do pre\u00e7o do combust\u00edvel foi a principal justificativa para a greve dos caminhoneiros em maio de 2018.<\/p>\n<p>&nbsp;<\/p>\n<p>Fonte: Ag\u00eancia Brasil<\/p>\n","protected":false},"excerpt":{"rendered":"<p>A Petrobras anunciou nesta ter\u00e7a-feira, 26, mudan\u00e7a na periodicidade para reajustes do \u00f3leo diesel. A partir de agora, o pre\u00e7o do combust\u00edvel n\u00e3o poder\u00e1 ser reajustado em per\u00edodos inferiores a 15 dias. At\u00e9 ent\u00e3o, o valor do litro do diesel poderia variar at\u00e9 diariamente. Segundo a estatal, os pre\u00e7os do diesel nas refinarias da companhia [&hellip;]<\/p>\n","protected":false},"author":96,"featured_media":136772,"comment_status":"closed","ping_status":"closed","sticky":false,"template":"","format":"standard","meta":{"footnotes":""},"categories":[436,261,262,439],"tags":[],"class_list":["post-136771","post","type-post","status-publish","format-standard","has-post-thumbnail","hentry","category-destaque-da-semana","category-economia","category-noticias","category-ultima-hora"],"_links":{"self":[{"href":"https:\/\/diarioregionaldigital.com.br\/index.php?rest_route=\/wp\/v2\/posts\/136771","targetHints":{"allow":["GET"]}}],"collection":[{"href":"https:\/\/diarioregionaldigital.com.br\/index.php?rest_route=\/wp\/v2\/posts"}],"about":[{"href":"https:\/\/diarioregionaldigital.com.br\/index.php?rest_route=\/wp\/v2\/types\/post"}],"author":[{"embeddable":true,"href":"https:\/\/diarioregionaldigital.com.br\/index.php?rest_route=\/wp\/v2\/users\/96"}],"replies":[{"embeddable":true,"href":"https:\/\/diarioregionaldigital.com.br\/index.php?rest_route=%2Fwp%2Fv2%2Fcomments&post=136771"}],"version-history":[{"count":0,"href":"https:\/\/diarioregionaldigital.com.br\/index.php?rest_route=\/wp\/v2\/posts\/136771\/revisions"}],"wp:featuredmedia":[{"embeddable":true,"href":"https:\/\/diarioregionaldigital.com.br\/index.php?rest_route=\/wp\/v2\/media\/136772"}],"wp:attachment":[{"href":"https:\/\/diarioregionaldigital.com.br\/index.php?rest_route=%2Fwp%2Fv2%2Fmedia&parent=136771"}],"wp:term":[{"taxonomy":"category","embeddable":true,"href":"https:\/\/diarioregionaldigital.com.br\/index.php?rest_route=%2Fwp%2Fv2%2Fcategories&post=136771"},{"taxonomy":"post_tag","embeddable":true,"href":"https:\/\/diarioregionaldigital.com.br\/index.php?rest_route=%2Fwp%2Fv2%2Ftags&post=136771"}],"curies":[{"name":"wp","href":"https:\/\/api.w.org\/{rel}","templated":true}]}}