{"id":136768,"date":"2019-03-26T13:40:55","date_gmt":"2019-03-26T16:40:55","guid":{"rendered":"https:\/\/diarioregionaldigital.com.br\/?p=136768"},"modified":"2019-03-26T13:40:55","modified_gmt":"2019-03-26T16:40:55","slug":"governadores-voltam-a-reivindicar-projeto-de-recuperacao-fiscal","status":"publish","type":"post","link":"https:\/\/diarioregionaldigital.com.br\/?p=136768","title":{"rendered":"Governadores voltam a reivindicar projeto de recupera\u00e7\u00e3o fiscal"},"content":{"rendered":"<p>Governadores reunidos nesta ter\u00e7a-feira, 26, em Bras\u00edlia, com o ministro da Economia, Paulo Guedes, reiteraram o pedido de um socorro fiscal, sinalizando que este pode ser um instrumento em troca do apoio \u00e0 reforma da Previd\u00eancia.<\/p>\n<p>Os detalhes do projeto de recupera\u00e7\u00e3o dos estados n\u00e3o foram postos \u00e0 mesa, informou o governador de Goi\u00e1s, Ronaldo Caiado (DEM).<\/p>\n<p>\u201cEstamos aguardando o projeto [de recupera\u00e7\u00e3o fiscal] chegar \u00e0 C\u00e2mara\u201d, disse Caiado. Para ele, essa \u00e9 a situa\u00e7\u00e3o imediata que deve ser tratada com o governo no momento.<\/p>\n<p>\u201cEstamos em situa\u00e7\u00e3o de emerg\u00eancia, de colapso financeiro, de calamidade. Vamos tratar do programa de recupera\u00e7\u00e3o fiscal. O resto fica na tese do \u201cse acontecer\u201d, afirmou.<\/p>\n<p>Segundo o\u00a0 governador, em resposta \u00e0 demanda Guedes fez uma apresenta\u00e7\u00e3o de diretrizes. Os governadores n\u00e3o receberam o desenho definitivo do que ser\u00e1 submetido ao Congresso. O secret\u00e1rio do Tesouro Nacional, Mansueto Almeida, disse, h\u00e1 cerca de um m\u00eas, que a demora no pacote de empr\u00e9stimos emergenciais levaria mais tempo para que o ajuste fiscal do governo federal n\u00e3o fosse colocado em risco.<\/p>\n<p>Uma das propostas \u00e9 conceder empr\u00e9stimos gradualmente aos estados com problemas financeiros em troca de medidas como corte de despesas e aumento de tributos locais.<\/p>\n<p>Independentemente, alguns governos estaduais mant\u00eam o apoio incondicional \u00e0 aprova\u00e7\u00e3o da reforma previdenci\u00e1ria, caso de S\u00e3o Paulo, e planejam um di\u00e1logo com suas bancadas no Congresso para buscar o convencimento e os ajustes no texto do governo.<\/p>\n<p>Mesmo de estados em situa\u00e7\u00e3o financeira mais delicada, como Goi\u00e1s, os governadores defendem a import\u00e2ncia da reforma e se comprometeram a atuar junto \u00e0s suas bases parlamentares.<\/p>\n<p>&nbsp;<\/p>\n<p>Fonte: Ag\u00eancia Brasil<\/p>\n","protected":false},"excerpt":{"rendered":"<p>Governadores reunidos nesta ter\u00e7a-feira, 26, em Bras\u00edlia, com o ministro da Economia, Paulo Guedes, reiteraram o pedido de um socorro fiscal, sinalizando que este pode ser um instrumento em troca do apoio \u00e0 reforma da Previd\u00eancia. Os detalhes do projeto de recupera\u00e7\u00e3o dos estados n\u00e3o foram postos \u00e0 mesa, informou o governador de Goi\u00e1s, Ronaldo [&hellip;]<\/p>\n","protected":false},"author":96,"featured_media":136769,"comment_status":"closed","ping_status":"closed","sticky":false,"template":"","format":"standard","meta":{"footnotes":""},"categories":[436,262,254,439],"tags":[],"class_list":["post-136768","post","type-post","status-publish","format-standard","has-post-thumbnail","hentry","category-destaque-da-semana","category-noticias","category-politica","category-ultima-hora"],"_links":{"self":[{"href":"https:\/\/diarioregionaldigital.com.br\/index.php?rest_route=\/wp\/v2\/posts\/136768","targetHints":{"allow":["GET"]}}],"collection":[{"href":"https:\/\/diarioregionaldigital.com.br\/index.php?rest_route=\/wp\/v2\/posts"}],"about":[{"href":"https:\/\/diarioregionaldigital.com.br\/index.php?rest_route=\/wp\/v2\/types\/post"}],"author":[{"embeddable":true,"href":"https:\/\/diarioregionaldigital.com.br\/index.php?rest_route=\/wp\/v2\/users\/96"}],"replies":[{"embeddable":true,"href":"https:\/\/diarioregionaldigital.com.br\/index.php?rest_route=%2Fwp%2Fv2%2Fcomments&post=136768"}],"version-history":[{"count":0,"href":"https:\/\/diarioregionaldigital.com.br\/index.php?rest_route=\/wp\/v2\/posts\/136768\/revisions"}],"wp:featuredmedia":[{"embeddable":true,"href":"https:\/\/diarioregionaldigital.com.br\/index.php?rest_route=\/wp\/v2\/media\/136769"}],"wp:attachment":[{"href":"https:\/\/diarioregionaldigital.com.br\/index.php?rest_route=%2Fwp%2Fv2%2Fmedia&parent=136768"}],"wp:term":[{"taxonomy":"category","embeddable":true,"href":"https:\/\/diarioregionaldigital.com.br\/index.php?rest_route=%2Fwp%2Fv2%2Fcategories&post=136768"},{"taxonomy":"post_tag","embeddable":true,"href":"https:\/\/diarioregionaldigital.com.br\/index.php?rest_route=%2Fwp%2Fv2%2Ftags&post=136768"}],"curies":[{"name":"wp","href":"https:\/\/api.w.org\/{rel}","templated":true}]}}