{"id":136764,"date":"2019-03-26T13:36:53","date_gmt":"2019-03-26T16:36:53","guid":{"rendered":"https:\/\/diarioregionaldigital.com.br\/?p=136764"},"modified":"2019-03-26T13:36:53","modified_gmt":"2019-03-26T16:36:53","slug":"mec-revoga-portaria-com-mudancas-no-sistema-de-avaliacao-basica","status":"publish","type":"post","link":"https:\/\/diarioregionaldigital.com.br\/?p=136764","title":{"rendered":"MEC revoga portaria com mudan\u00e7as no Sistema de Avalia\u00e7\u00e3o B\u00e1sica"},"content":{"rendered":"<p>Portaria do Minist\u00e9rio da Educa\u00e7\u00e3o (MEC) publicada nesta ter\u00e7a-feira, 26, no\u00a0<em>Di\u00e1rio Oficial da Uni\u00e3o<\/em>\u00a0torna sem efeito texto do Instituto Nacional de Estudos e Pesquisas Educacionais An\u00edsio Teixeira (Inep) que previa novas regras para o Sistema de Avalia\u00e7\u00e3o da Educa\u00e7\u00e3o B\u00e1sica (Saeb). A nova decis\u00e3o foi assinada pelo ministro da Educa\u00e7\u00e3o, Ricardo V\u00e9lez.<\/p>\n<p>A portaria anterior, publicada nessa segunda-feira, 25, definia, entre outras coisas, que a medi\u00e7\u00e3o da qualidade da alfabetiza\u00e7\u00e3o de estudantes de todo o pa\u00eds s\u00f3 seria feita a partir de 2021. A decis\u00e3o foi tomada, segundo o Inep, para dar tempo para as escolas se adequarem aos novos curr\u00edculos elaborados a partir da nova Base Nacional Comum Curricular.<\/p>\n<p>A alfabetiza\u00e7\u00e3o \u00e9 uma das prioridades estipuladas pelo Governo Federal. O Minist\u00e9rio da Educa\u00e7\u00e3o dever\u00e1 apresentar, ao final dos 100 primeiros dias de governo, uma proposta de Pol\u00edtica Nacional de Alfabetiza\u00e7\u00e3o.<\/p>\n<h2>Sistema de avalia\u00e7\u00e3o<\/h2>\n<p>O Sistema de Avalia\u00e7\u00e3o da Educa\u00e7\u00e3o B\u00e1sica (Saeb) \u00e9 aplicado em escolas de zona urbana e rural que tenham pelo menos dez estudantes matriculados nas etapas avaliadas. A avalia\u00e7\u00e3o externa em larga escala \u00e9 realizada pelo Inep desde 1990. O sistema mede o aprendizado dos estudantes em l\u00edngua portuguesa e matem\u00e1tica e, com isso, subsidia o c\u00e1lculo do \u00cdndice de Desenvolvimento da Educa\u00e7\u00e3o B\u00e1sica (Ideb), principal indicador de qualidade da educa\u00e7\u00e3o b\u00e1sica.<\/p>\n<p>&nbsp;<\/p>\n<p>Fonte: Ag\u00eancia Brasil<\/p>\n","protected":false},"excerpt":{"rendered":"<p>Portaria do Minist\u00e9rio da Educa\u00e7\u00e3o (MEC) publicada nesta ter\u00e7a-feira, 26, no\u00a0Di\u00e1rio Oficial da Uni\u00e3o\u00a0torna sem efeito texto do Instituto Nacional de Estudos e Pesquisas Educacionais An\u00edsio Teixeira (Inep) que previa novas regras para o Sistema de Avalia\u00e7\u00e3o da Educa\u00e7\u00e3o B\u00e1sica (Saeb). A nova decis\u00e3o foi assinada pelo ministro da Educa\u00e7\u00e3o, Ricardo V\u00e9lez. A portaria anterior, [&hellip;]<\/p>\n","protected":false},"author":96,"featured_media":136765,"comment_status":"closed","ping_status":"closed","sticky":false,"template":"","format":"standard","meta":{"footnotes":""},"categories":[302,436,262,439],"tags":[],"class_list":["post-136764","post","type-post","status-publish","format-standard","has-post-thumbnail","hentry","category-brasil-mundo","category-destaque-da-semana","category-noticias","category-ultima-hora"],"_links":{"self":[{"href":"https:\/\/diarioregionaldigital.com.br\/index.php?rest_route=\/wp\/v2\/posts\/136764","targetHints":{"allow":["GET"]}}],"collection":[{"href":"https:\/\/diarioregionaldigital.com.br\/index.php?rest_route=\/wp\/v2\/posts"}],"about":[{"href":"https:\/\/diarioregionaldigital.com.br\/index.php?rest_route=\/wp\/v2\/types\/post"}],"author":[{"embeddable":true,"href":"https:\/\/diarioregionaldigital.com.br\/index.php?rest_route=\/wp\/v2\/users\/96"}],"replies":[{"embeddable":true,"href":"https:\/\/diarioregionaldigital.com.br\/index.php?rest_route=%2Fwp%2Fv2%2Fcomments&post=136764"}],"version-history":[{"count":0,"href":"https:\/\/diarioregionaldigital.com.br\/index.php?rest_route=\/wp\/v2\/posts\/136764\/revisions"}],"wp:featuredmedia":[{"embeddable":true,"href":"https:\/\/diarioregionaldigital.com.br\/index.php?rest_route=\/wp\/v2\/media\/136765"}],"wp:attachment":[{"href":"https:\/\/diarioregionaldigital.com.br\/index.php?rest_route=%2Fwp%2Fv2%2Fmedia&parent=136764"}],"wp:term":[{"taxonomy":"category","embeddable":true,"href":"https:\/\/diarioregionaldigital.com.br\/index.php?rest_route=%2Fwp%2Fv2%2Fcategories&post=136764"},{"taxonomy":"post_tag","embeddable":true,"href":"https:\/\/diarioregionaldigital.com.br\/index.php?rest_route=%2Fwp%2Fv2%2Ftags&post=136764"}],"curies":[{"name":"wp","href":"https:\/\/api.w.org\/{rel}","templated":true}]}}