{"id":136760,"date":"2019-03-26T13:33:34","date_gmt":"2019-03-26T16:33:34","guid":{"rendered":"https:\/\/diarioregionaldigital.com.br\/?p=136760"},"modified":"2019-03-26T13:33:34","modified_gmt":"2019-03-26T16:33:34","slug":"bolsonaro-se-reune-com-ministros-no-palacio-do-planalto","status":"publish","type":"post","link":"https:\/\/diarioregionaldigital.com.br\/?p=136760","title":{"rendered":"Bolsonaro se re\u00fane com ministros no Pal\u00e1cio do Planalto"},"content":{"rendered":"<p>O presidente Jair Bolsonaro comanda nesta ter\u00e7a-feira, 26, \u00e0 tarde a 8\u00aa Reuni\u00e3o do Conselho de Governo, no Pal\u00e1cio do Planalto, quando vai reunir os ministros para tratar dos assuntos priorit\u00e1rios da gest\u00e3o. A proposta de emenda \u00e0 Constitui\u00e7\u00e3o da reforma da Previd\u00eancia (PEC 6\/19) deve ser um dos temas do encontro. A expectativa do governo \u00e9 aprovar o texto no primeiro semestre deste ano, para isso, Bolsonaro pretende fortalecer duas frentes de comunica\u00e7\u00e3o sobre a reforma, uma voltada especificamente para parlamentares e outra para a opini\u00e3o p\u00fablica em geral.<\/p>\n<p>O ministro da Economia, Paulo Guedes, n\u00e3o participa dessa 8\u00aa reuni\u00e3o. Ele estar\u00e1 na Comiss\u00e3o de Constitui\u00e7\u00e3o e Justi\u00e7a (CCJ) da C\u00e2mara para discutir a proposta. Os parlamentares querem que o ministro esclare\u00e7a pontos da medida, a reforma previdenci\u00e1ria dos militares, a reestrutura\u00e7\u00e3o da carreira das For\u00e7as Armadas e a necessidade de mudan\u00e7a do sistema de Previd\u00eancia Social do pa\u00eds.<\/p>\n<p>Esta \u00e9 a primeira fase de tramita\u00e7\u00e3o do texto no Legislativo, mas que est\u00e1 sem relator. Devido a impasses nas articula\u00e7\u00f5es pol\u00edticas entre Poder Executivo e C\u00e2mara dos Deputados, o presidente da CCJ, Felipe Francischini (PSL-PR), decidiu adiar a indica\u00e7\u00e3o do relator at\u00e9 que o cen\u00e1rio pol\u00edtico esteja mais favor\u00e1vel para a aprova\u00e7\u00e3o da reforma no \u00e2mbito da comiss\u00e3o. A previs\u00e3o \u00e9 que o nome seja indicado at\u00e9 quinta-feira, 28.<\/p>\n<p>&nbsp;<\/p>\n<p>Fonte: Ag\u00eancia Brasil<\/p>\n","protected":false},"excerpt":{"rendered":"<p>O presidente Jair Bolsonaro comanda nesta ter\u00e7a-feira, 26, \u00e0 tarde a 8\u00aa Reuni\u00e3o do Conselho de Governo, no Pal\u00e1cio do Planalto, quando vai reunir os ministros para tratar dos assuntos priorit\u00e1rios da gest\u00e3o. A proposta de emenda \u00e0 Constitui\u00e7\u00e3o da reforma da Previd\u00eancia (PEC 6\/19) deve ser um dos temas do encontro. A expectativa do [&hellip;]<\/p>\n","protected":false},"author":96,"featured_media":136761,"comment_status":"closed","ping_status":"closed","sticky":false,"template":"","format":"standard","meta":{"footnotes":""},"categories":[436,262,254,439],"tags":[],"class_list":["post-136760","post","type-post","status-publish","format-standard","has-post-thumbnail","hentry","category-destaque-da-semana","category-noticias","category-politica","category-ultima-hora"],"_links":{"self":[{"href":"https:\/\/diarioregionaldigital.com.br\/index.php?rest_route=\/wp\/v2\/posts\/136760","targetHints":{"allow":["GET"]}}],"collection":[{"href":"https:\/\/diarioregionaldigital.com.br\/index.php?rest_route=\/wp\/v2\/posts"}],"about":[{"href":"https:\/\/diarioregionaldigital.com.br\/index.php?rest_route=\/wp\/v2\/types\/post"}],"author":[{"embeddable":true,"href":"https:\/\/diarioregionaldigital.com.br\/index.php?rest_route=\/wp\/v2\/users\/96"}],"replies":[{"embeddable":true,"href":"https:\/\/diarioregionaldigital.com.br\/index.php?rest_route=%2Fwp%2Fv2%2Fcomments&post=136760"}],"version-history":[{"count":0,"href":"https:\/\/diarioregionaldigital.com.br\/index.php?rest_route=\/wp\/v2\/posts\/136760\/revisions"}],"wp:featuredmedia":[{"embeddable":true,"href":"https:\/\/diarioregionaldigital.com.br\/index.php?rest_route=\/wp\/v2\/media\/136761"}],"wp:attachment":[{"href":"https:\/\/diarioregionaldigital.com.br\/index.php?rest_route=%2Fwp%2Fv2%2Fmedia&parent=136760"}],"wp:term":[{"taxonomy":"category","embeddable":true,"href":"https:\/\/diarioregionaldigital.com.br\/index.php?rest_route=%2Fwp%2Fv2%2Fcategories&post=136760"},{"taxonomy":"post_tag","embeddable":true,"href":"https:\/\/diarioregionaldigital.com.br\/index.php?rest_route=%2Fwp%2Fv2%2Ftags&post=136760"}],"curies":[{"name":"wp","href":"https:\/\/api.w.org\/{rel}","templated":true}]}}