{"id":136756,"date":"2019-03-26T11:52:33","date_gmt":"2019-03-26T14:52:33","guid":{"rendered":"https:\/\/diarioregionaldigital.com.br\/?p=136756"},"modified":"2019-03-26T11:52:33","modified_gmt":"2019-03-26T14:52:33","slug":"alunos-do-programa-jf-paralimpico-participam-de-torneio-de-natacao","status":"publish","type":"post","link":"https:\/\/diarioregionaldigital.com.br\/?p=136756","title":{"rendered":"Alunos do programa \u201cJF Paral\u00edmpico\u201d participam de torneio de nata\u00e7\u00e3o"},"content":{"rendered":"<p>Tr\u00eas atletas do programa \u201cJF Paral\u00edmpico\u201d, da Secretaria de Esporte e Lazer (SEL), da Prefeitura de Juiz de Fora (PJF), participaram no s\u00e1bado, 23, da primeira etapa do \u201cMeeting de Nata\u00e7\u00e3o Master\u201d, torneio da modalidade, no Clube Bom Pastor.<\/p>\n<p>O evento, promovido pela MG Esportes, contou com participa\u00e7\u00e3o de aproximadamente 170 competidores, de dez equipes. Os representantes do \u201cJF Paral\u00edmpico\u201d realizaram as provas dos 50 metros nado livre. Felipe Calixto Costa competiu na categoria 15+, Luan Duque Schaffer, na 20+ e Leonardo Miqu\u00e9ias da Silva na 35+. Leonardo ficou em segundo lugar na classifica\u00e7\u00e3o por defici\u00eancia S8. Felipe e Luan concorreram pela S14.<\/p>\n<p>Os alunos t\u00eam aulas tr\u00eas vezes por semana, no Sport Club, com os professores Gerson Oliveira e Giselle Muniz. \u201cO mais importante \u00e9 mostrar para eles mesmos que s\u00e3o capazes de se superarem, comparando com desafios anteriormente realizados. Poder participar de eventos assim ajuda a motivar, tanto no aspecto esportivo como pessoal. A supera\u00e7\u00e3o de limites \u00e9 fundamental na evolu\u00e7\u00e3o de vida para eles\u201d, explicou Gerson.<\/p>\n<p>Programa \u201cJF Paral\u00edmpico\u201d<\/p>\n<p>Dirigido \u00e0s pessoas com defici\u00eancia, \u00e9 promovido pela SEL, oferecendo modalidades esportivas como atletismo, golbol, nata\u00e7\u00e3o, bocha, polybat (t\u00eanis de mesa adaptado) e futebol. O programa \u00e9 gratuito e busca a melhoria da qualidade de vida, levando bem-estar f\u00edsico e socializa\u00e7\u00e3o para os participantes. As inscri\u00e7\u00f5es podem ser feitas ao longo do ano, na sede da SEL, na Avenida Rui Barbosa, 530, Bairro Santa Terezinha. Para mais informa\u00e7\u00f5es sobre o \u201cJF Paral\u00edmpico\u201d, ligue 3690-7853.<\/p>\n<p><strong>Fonte: Assessoria\/SEL <\/strong><\/p>\n","protected":false},"excerpt":{"rendered":"<p>Tr\u00eas atletas do programa \u201cJF Paral\u00edmpico\u201d, da Secretaria de Esporte e Lazer (SEL), da Prefeitura de Juiz de Fora (PJF), participaram no s\u00e1bado, 23, da primeira etapa do \u201cMeeting de Nata\u00e7\u00e3o Master\u201d, torneio da modalidade, no Clube Bom Pastor. O evento, promovido pela MG Esportes, contou com participa\u00e7\u00e3o de aproximadamente 170 competidores, de dez equipes. [&hellip;]<\/p>\n","protected":false},"author":96,"featured_media":136757,"comment_status":"closed","ping_status":"closed","sticky":false,"template":"","format":"standard","meta":{"footnotes":""},"categories":[257,439],"tags":[],"class_list":["post-136756","post","type-post","status-publish","format-standard","has-post-thumbnail","hentry","category-esporte","category-ultima-hora"],"_links":{"self":[{"href":"https:\/\/diarioregionaldigital.com.br\/index.php?rest_route=\/wp\/v2\/posts\/136756","targetHints":{"allow":["GET"]}}],"collection":[{"href":"https:\/\/diarioregionaldigital.com.br\/index.php?rest_route=\/wp\/v2\/posts"}],"about":[{"href":"https:\/\/diarioregionaldigital.com.br\/index.php?rest_route=\/wp\/v2\/types\/post"}],"author":[{"embeddable":true,"href":"https:\/\/diarioregionaldigital.com.br\/index.php?rest_route=\/wp\/v2\/users\/96"}],"replies":[{"embeddable":true,"href":"https:\/\/diarioregionaldigital.com.br\/index.php?rest_route=%2Fwp%2Fv2%2Fcomments&post=136756"}],"version-history":[{"count":0,"href":"https:\/\/diarioregionaldigital.com.br\/index.php?rest_route=\/wp\/v2\/posts\/136756\/revisions"}],"wp:featuredmedia":[{"embeddable":true,"href":"https:\/\/diarioregionaldigital.com.br\/index.php?rest_route=\/wp\/v2\/media\/136757"}],"wp:attachment":[{"href":"https:\/\/diarioregionaldigital.com.br\/index.php?rest_route=%2Fwp%2Fv2%2Fmedia&parent=136756"}],"wp:term":[{"taxonomy":"category","embeddable":true,"href":"https:\/\/diarioregionaldigital.com.br\/index.php?rest_route=%2Fwp%2Fv2%2Fcategories&post=136756"},{"taxonomy":"post_tag","embeddable":true,"href":"https:\/\/diarioregionaldigital.com.br\/index.php?rest_route=%2Fwp%2Fv2%2Ftags&post=136756"}],"curies":[{"name":"wp","href":"https:\/\/api.w.org\/{rel}","templated":true}]}}