{"id":136733,"date":"2019-03-26T06:00:23","date_gmt":"2019-03-26T09:00:23","guid":{"rendered":"https:\/\/diarioregionaldigital.com.br\/?p=136733"},"modified":"2019-03-25T19:30:17","modified_gmt":"2019-03-25T22:30:17","slug":"prefeitura-municipal-de-descoberto-cont-020-26-03-19","status":"publish","type":"post","link":"https:\/\/diarioregionaldigital.com.br\/?p=136733","title":{"rendered":"Prefeitura Municipal de Descoberto &#8211; Cont 020 &#8211; 26\/03\/19"},"content":{"rendered":"<p style=\"text-align: center;\"><strong>EXTRATO DE CONTRATO<\/strong><\/p>\n<p>Pref. Municipal de Descoberto x Geraldo Silva Filho &amp; CIA LTDA \u2013 Objeto: Aquisi\u00e7\u00e3o de g\u00eaneros aliment\u00edcios (Lanche dos funcion\u00e1rios e alunos) \u2013 \u00a0Fundamento: Preg\u00e3o n\u00ba 006\/2019 &#8211; Valor Global: 170.354,35 &#8211; Vig\u00eancia: 06 meses &#8211; \u00a0Dot or\u00e7: 02.06000.15.122.0002.202-339030\/100 &#8211; 02.09000.18.541.0013.242-339030\/100 &#8211; 02.08000.08.244.0011.232-339030\/100-02.08000.08.244.0012.238-339030\/129-02.05001.10.122.0002.284-339030\/100- 02.04001.12.122.0002.233-339030-100- 02.04003.12.306.0003.263.339030\/144- 02.05001.10.122.0002.284-339030\/100- 02.02000.04.122.0002.218-339030\/100- 02.04001.12.122.0002.233-339030\/100- 02.04004.27.812.0016.273-339030\/100- 02.04001.12.122.0002.233-339030\/100- 02.04003.12.306.0003.263-339030\/144- 02.04001.12.122.0002.233-339030\/100 \u00a0&#8211; \u00a0Ass: 25\/03\/2019 &#8211; Foro: S\u00e3o Jo\u00e3o Nepomuceno\/MG.<\/p>\n<p style=\"text-align: center;\"><strong>Marcos de Ara\u00fajo Lima<\/strong><\/p>\n<p style=\"text-align: center;\"><strong>Prefeito Municipal<\/strong><\/p>\n","protected":false},"excerpt":{"rendered":"<p>EXTRATO DE CONTRATO Pref. Municipal de Descoberto x Geraldo Silva Filho &amp; CIA LTDA \u2013 Objeto: Aquisi\u00e7\u00e3o de g\u00eaneros aliment\u00edcios (Lanche dos funcion\u00e1rios e alunos) \u2013 \u00a0Fundamento: Preg\u00e3o n\u00ba 006\/2019 &#8211; Valor Global: 170.354,35 &#8211; Vig\u00eancia: 06 meses &#8211; \u00a0Dot or\u00e7: 02.06000.15.122.0002.202-339030\/100 &#8211; 02.09000.18.541.0013.242-339030\/100 &#8211; 02.08000.08.244.0011.232-339030\/100-02.08000.08.244.0012.238-339030\/129-02.05001.10.122.0002.284-339030\/100- 02.04001.12.122.0002.233-339030-100- 02.04003.12.306.0003.263.339030\/144- 02.05001.10.122.0002.284-339030\/100- 02.02000.04.122.0002.218-339030\/100- 02.04001.12.122.0002.233-339030\/100- 02.04004.27.812.0016.273-339030\/100- 02.04001.12.122.0002.233-339030\/100- 02.04003.12.306.0003.263-339030\/144- 02.04001.12.122.0002.233-339030\/100 [&hellip;]<\/p>\n","protected":false},"author":96,"featured_media":0,"comment_status":"closed","ping_status":"closed","sticky":false,"template":"","format":"standard","meta":{"footnotes":""},"categories":[307],"tags":[],"class_list":["post-136733","post","type-post","status-publish","format-standard","hentry","category-editais"],"_links":{"self":[{"href":"https:\/\/diarioregionaldigital.com.br\/index.php?rest_route=\/wp\/v2\/posts\/136733","targetHints":{"allow":["GET"]}}],"collection":[{"href":"https:\/\/diarioregionaldigital.com.br\/index.php?rest_route=\/wp\/v2\/posts"}],"about":[{"href":"https:\/\/diarioregionaldigital.com.br\/index.php?rest_route=\/wp\/v2\/types\/post"}],"author":[{"embeddable":true,"href":"https:\/\/diarioregionaldigital.com.br\/index.php?rest_route=\/wp\/v2\/users\/96"}],"replies":[{"embeddable":true,"href":"https:\/\/diarioregionaldigital.com.br\/index.php?rest_route=%2Fwp%2Fv2%2Fcomments&post=136733"}],"version-history":[{"count":0,"href":"https:\/\/diarioregionaldigital.com.br\/index.php?rest_route=\/wp\/v2\/posts\/136733\/revisions"}],"wp:attachment":[{"href":"https:\/\/diarioregionaldigital.com.br\/index.php?rest_route=%2Fwp%2Fv2%2Fmedia&parent=136733"}],"wp:term":[{"taxonomy":"category","embeddable":true,"href":"https:\/\/diarioregionaldigital.com.br\/index.php?rest_route=%2Fwp%2Fv2%2Fcategories&post=136733"},{"taxonomy":"post_tag","embeddable":true,"href":"https:\/\/diarioregionaldigital.com.br\/index.php?rest_route=%2Fwp%2Fv2%2Ftags&post=136733"}],"curies":[{"name":"wp","href":"https:\/\/api.w.org\/{rel}","templated":true}]}}