{"id":136729,"date":"2019-03-26T06:00:18","date_gmt":"2019-03-26T09:00:18","guid":{"rendered":"https:\/\/diarioregionaldigital.com.br\/?p=136729"},"modified":"2019-03-25T19:29:07","modified_gmt":"2019-03-25T22:29:07","slug":"prefeitura-municipal-de-descoberto-cont-019-26-03-19","status":"publish","type":"post","link":"https:\/\/diarioregionaldigital.com.br\/?p=136729","title":{"rendered":"Prefeitura Municipal de Descoberto &#8211; Cont 019 &#8211; 26\/03\/19"},"content":{"rendered":"<p style=\"text-align: center;\"><strong>EXTRATO DE CONTRATO<\/strong><\/p>\n<p style=\"text-align: center;\">Pref. Municipal de Descoberto x Sirlei Saar Sequeto Giela \u2013 Objeto: Aquisi\u00e7\u00e3o de g\u00eaneros aliment\u00edcios\u00a0 (hortifrutigranjeiros) da merenda escolar \u2013 Fundamento: Preg\u00e3o n\u00ba 005\/2019 &#8211; Valor Global: 27.259,45 &#8211; Vig\u00eancia: 06 meses &#8211; Dot or\u00e7: 02.04003.12.306.0003.263-339030\/144 \u00a0\u00a0&#8211; Ass: 25\/03\/2019 &#8211; Foro: S\u00e3o Jo\u00e3o Nepomuceno\/MG.<\/p>\n<p style=\"text-align: center;\"><strong>Marcos de Ara\u00fajo Lima<\/strong><\/p>\n<p style=\"text-align: center;\"><strong>Prefeito Municipal<\/strong><\/p>\n","protected":false},"excerpt":{"rendered":"<p>EXTRATO DE CONTRATO Pref. Municipal de Descoberto x Sirlei Saar Sequeto Giela \u2013 Objeto: Aquisi\u00e7\u00e3o de g\u00eaneros aliment\u00edcios\u00a0 (hortifrutigranjeiros) da merenda escolar \u2013 Fundamento: Preg\u00e3o n\u00ba 005\/2019 &#8211; Valor Global: 27.259,45 &#8211; Vig\u00eancia: 06 meses &#8211; Dot or\u00e7: 02.04003.12.306.0003.263-339030\/144 \u00a0\u00a0&#8211; Ass: 25\/03\/2019 &#8211; Foro: S\u00e3o Jo\u00e3o Nepomuceno\/MG. Marcos de Ara\u00fajo Lima Prefeito Municipal<\/p>\n","protected":false},"author":96,"featured_media":0,"comment_status":"closed","ping_status":"closed","sticky":false,"template":"","format":"standard","meta":{"footnotes":""},"categories":[307],"tags":[],"class_list":["post-136729","post","type-post","status-publish","format-standard","hentry","category-editais"],"_links":{"self":[{"href":"https:\/\/diarioregionaldigital.com.br\/index.php?rest_route=\/wp\/v2\/posts\/136729","targetHints":{"allow":["GET"]}}],"collection":[{"href":"https:\/\/diarioregionaldigital.com.br\/index.php?rest_route=\/wp\/v2\/posts"}],"about":[{"href":"https:\/\/diarioregionaldigital.com.br\/index.php?rest_route=\/wp\/v2\/types\/post"}],"author":[{"embeddable":true,"href":"https:\/\/diarioregionaldigital.com.br\/index.php?rest_route=\/wp\/v2\/users\/96"}],"replies":[{"embeddable":true,"href":"https:\/\/diarioregionaldigital.com.br\/index.php?rest_route=%2Fwp%2Fv2%2Fcomments&post=136729"}],"version-history":[{"count":0,"href":"https:\/\/diarioregionaldigital.com.br\/index.php?rest_route=\/wp\/v2\/posts\/136729\/revisions"}],"wp:attachment":[{"href":"https:\/\/diarioregionaldigital.com.br\/index.php?rest_route=%2Fwp%2Fv2%2Fmedia&parent=136729"}],"wp:term":[{"taxonomy":"category","embeddable":true,"href":"https:\/\/diarioregionaldigital.com.br\/index.php?rest_route=%2Fwp%2Fv2%2Fcategories&post=136729"},{"taxonomy":"post_tag","embeddable":true,"href":"https:\/\/diarioregionaldigital.com.br\/index.php?rest_route=%2Fwp%2Fv2%2Ftags&post=136729"}],"curies":[{"name":"wp","href":"https:\/\/api.w.org\/{rel}","templated":true}]}}