{"id":136725,"date":"2019-03-26T06:00:06","date_gmt":"2019-03-26T09:00:06","guid":{"rendered":"https:\/\/diarioregionaldigital.com.br\/?p=136725"},"modified":"2019-03-25T19:25:25","modified_gmt":"2019-03-25T22:25:25","slug":"ascomcer-26-03-19","status":"publish","type":"post","link":"https:\/\/diarioregionaldigital.com.br\/?p=136725","title":{"rendered":"Ascomcer &#8211; 26\/03\/19"},"content":{"rendered":"<p style=\"text-align: center;\"><strong>ASCOMCER<\/strong><\/p>\n<p style=\"text-align: center;\"><strong>ASSOCIA\u00c7\u00c3O FEMININA DE PREVEN\u00c7\u00c3O E COMBATE AO C\u00c2NCER DE JUIZ DE FORA<\/strong><\/p>\n<p style=\"text-align: center;\"><strong>EDITAL DE CONVOCA\u00c7\u00c3O<\/strong><\/p>\n<p style=\"text-align: center;\"><strong>ASSEMBLEIA GERAL EXTRAORDIN\u00c1RIA<\/strong><\/p>\n<p>A PRESIDENTE DA ASCOMCER NO USO DE SUAS ATRIBUI\u00c7\u00d5ES E DE CONFORMIDADE COM A LETRA \u201cA\u201d DO ART. 18 DO ESTATUTO, CONVOCA OS SENHORES ASSOCIADOS FUNDADORES E EFETIVOS PARA A ASSEMBLEIA GERAL EXTRAORDIN\u00c1RIA A SER REALIZADA NO DIA 04 DE ABRIL DE 2019, NO AUDIT\u00d3RIO DO HOSPITAL MARIA JOS\u00c9 BA\u00caTA REIS, NA AV. PRESIDENTE ITAMAR FRANCO, 3500, BAIRRO CASCATINHA, NESTA CIDADE DE JUIZ DE FORA\/MG.<\/p>\n<p>EM 1\u00aa CONVOCA\u00c7\u00c3O \u00c0S 13:00 HORAS COM A PRESEN\u00c7A DA METADE MAIS UM DOS ASSOCIADOS EM PLENO GOZO DE SEUS DIREITOS, EM 2\u00aa CONVOCA\u00c7\u00c3O \u00c0S 13:30 HORAS COM 1\/3 DOS ASSOCIADOS E EM 3\u00aa E \u00daLTIMA CONVOCA\u00c7\u00c3O \u00c0S 14:00 HORAS, COM QUALQUER N\u00daMERO DE ASSOCIADOS.<\/p>\n<p><strong>ASSUNTO:<\/strong> DISCUTIR, VOTAR E APROVAR ALTERA\u00c7\u00c3O DO ESTATUTO.<\/p>\n<p style=\"text-align: center;\"><strong>JUIZ DE FORA-MG, 26 DE MAR\u00c7O DE 2019<\/strong><\/p>\n<p style=\"text-align: center;\"><strong>ALESSANDRA SAMPAIO FARIA DE SOUZA<\/strong><\/p>\n<p style=\"text-align: center;\"><strong>PRESIDENTE DA ASCOMCER<\/strong><\/p>\n","protected":false},"excerpt":{"rendered":"<p>ASCOMCER ASSOCIA\u00c7\u00c3O FEMININA DE PREVEN\u00c7\u00c3O E COMBATE AO C\u00c2NCER DE JUIZ DE FORA EDITAL DE CONVOCA\u00c7\u00c3O ASSEMBLEIA GERAL EXTRAORDIN\u00c1RIA A PRESIDENTE DA ASCOMCER NO USO DE SUAS ATRIBUI\u00c7\u00d5ES E DE CONFORMIDADE COM A LETRA \u201cA\u201d DO ART. 18 DO ESTATUTO, CONVOCA OS SENHORES ASSOCIADOS FUNDADORES E EFETIVOS PARA A ASSEMBLEIA GERAL EXTRAORDIN\u00c1RIA A SER REALIZADA [&hellip;]<\/p>\n","protected":false},"author":96,"featured_media":0,"comment_status":"closed","ping_status":"closed","sticky":false,"template":"","format":"standard","meta":{"footnotes":""},"categories":[307],"tags":[],"class_list":["post-136725","post","type-post","status-publish","format-standard","hentry","category-editais"],"_links":{"self":[{"href":"https:\/\/diarioregionaldigital.com.br\/index.php?rest_route=\/wp\/v2\/posts\/136725","targetHints":{"allow":["GET"]}}],"collection":[{"href":"https:\/\/diarioregionaldigital.com.br\/index.php?rest_route=\/wp\/v2\/posts"}],"about":[{"href":"https:\/\/diarioregionaldigital.com.br\/index.php?rest_route=\/wp\/v2\/types\/post"}],"author":[{"embeddable":true,"href":"https:\/\/diarioregionaldigital.com.br\/index.php?rest_route=\/wp\/v2\/users\/96"}],"replies":[{"embeddable":true,"href":"https:\/\/diarioregionaldigital.com.br\/index.php?rest_route=%2Fwp%2Fv2%2Fcomments&post=136725"}],"version-history":[{"count":0,"href":"https:\/\/diarioregionaldigital.com.br\/index.php?rest_route=\/wp\/v2\/posts\/136725\/revisions"}],"wp:attachment":[{"href":"https:\/\/diarioregionaldigital.com.br\/index.php?rest_route=%2Fwp%2Fv2%2Fmedia&parent=136725"}],"wp:term":[{"taxonomy":"category","embeddable":true,"href":"https:\/\/diarioregionaldigital.com.br\/index.php?rest_route=%2Fwp%2Fv2%2Fcategories&post=136725"},{"taxonomy":"post_tag","embeddable":true,"href":"https:\/\/diarioregionaldigital.com.br\/index.php?rest_route=%2Fwp%2Fv2%2Ftags&post=136725"}],"curies":[{"name":"wp","href":"https:\/\/api.w.org\/{rel}","templated":true}]}}