{"id":136720,"date":"2019-03-26T06:00:02","date_gmt":"2019-03-26T09:00:02","guid":{"rendered":"https:\/\/diarioregionaldigital.com.br\/?p=136720"},"modified":"2019-03-25T19:20:19","modified_gmt":"2019-03-25T22:20:19","slug":"visita","status":"publish","type":"post","link":"https:\/\/diarioregionaldigital.com.br\/?p=136720","title":{"rendered":"Visita"},"content":{"rendered":"<p style=\"text-align: center;\"><strong>O assunto \u00e9&#8230;<\/strong><\/p>\n<p style=\"text-align: center;\">Em tempo de alerta e cultivar uma melhor qualidade de vida, o Gappa-Grupo de Apoio a Pais e Profissionais com Autismo promove no dia 31, no Trade Hotel, \u2018Workshop\u2019 com os especialistas Anita Brito, Claudia Moraes, F\u00e1tima de Kwant e Nicolas Brito.<\/p>\n<p style=\"text-align: center;\"><strong>Visita <\/strong><\/p>\n<p style=\"text-align: center;\">Solid\u00e1rios e sempre antenados com causas para o bem do pr\u00f3ximo, o monsenhor Luis Carlos de Paula e os padres Jos\u00e9 de Anchieta Moura Lima, Luiz Eduardo de \u00c1vila e Felipe de Castro Costa estiveram em Brumadinho (MG) para prestar solidariedade \u00e0s v\u00edtimas do rompimento da barragem.<\/p>\n<p style=\"text-align: center;\"><strong>Dica<\/strong><\/p>\n<p style=\"text-align: center;\">O consultor Gustavo Cerbasi, \u2018expert\u2019 em educa\u00e7\u00e3o financeira das crian\u00e7as, informa que a idade ideal para a crian\u00e7a receber mesada \u00e9 aos 8 anos quando come\u00e7a a desenvolver certas autonomias.<\/p>\n<p style=\"text-align: center;\"><strong>Nacional<\/strong><\/p>\n<p style=\"text-align: center;\">Tem vodka brasileira nova no peda\u00e7o. A Voa \u00e9 ideia do empres\u00e1rio M\u00e1rio Bulh\u00f5es, que produz a bebida em uma fazenda no interior do Rio Grande do Norte. Foram dois anos at\u00e9 chegar \u00e0 f\u00f3rmula que leva apenas ingredientes brasileiros.<\/p>\n<p style=\"text-align: center;\"><strong>M\u00fasica<\/strong><\/p>\n<p style=\"text-align: center;\">O Rock in Rio anunciou as \u00faltimas atra\u00e7\u00f5es do Palco Mundo para sua edi\u00e7\u00e3o deste ano que acontece entre setembro e outubro. A cantora americana de origem albanesa Bebe Rexha completa a forma\u00e7\u00e3o da noite de abertura (27\/9), que tem ainda ALok, Cardi Be e Drake.<\/p>\n<div id=\"attachment_136700\" style=\"width: 690px\" class=\"wp-caption aligncenter\"><img loading=\"lazy\" decoding=\"async\" aria-describedby=\"caption-attachment-136700\" class=\"wp-image-136700\" src=\"https:\/\/diarioregionaldigital.com.br\/wp-content\/uploads\/2019\/03\/fotoa-7-e1553551174130.jpg\" alt=\"\" width=\"680\" height=\"698\" srcset=\"https:\/\/diarioregionaldigital.com.br\/wp-content\/uploads\/2019\/03\/fotoa-7-e1553551174130.jpg 1163w, https:\/\/diarioregionaldigital.com.br\/wp-content\/uploads\/2019\/03\/fotoa-7-e1553551174130-292x300.jpg 292w, https:\/\/diarioregionaldigital.com.br\/wp-content\/uploads\/2019\/03\/fotoa-7-e1553551174130-768x788.jpg 768w, https:\/\/diarioregionaldigital.com.br\/wp-content\/uploads\/2019\/03\/fotoa-7-e1553551174130-997x1024.jpg 997w, https:\/\/diarioregionaldigital.com.br\/wp-content\/uploads\/2019\/03\/fotoa-7-e1553551174130-360x370.jpg 360w\" sizes=\"auto, (max-width: 680px) 100vw, 680px\" \/><p id=\"caption-attachment-136700\" class=\"wp-caption-text\">Em cena social, o jovem e saud\u00e1vel Aislan Vin\u00edcius<\/p><\/div>\n<div id=\"attachment_136702\" style=\"width: 690px\" class=\"wp-caption aligncenter\"><img loading=\"lazy\" decoding=\"async\" aria-describedby=\"caption-attachment-136702\" class=\"wp-image-136702\" src=\"https:\/\/diarioregionaldigital.com.br\/wp-content\/uploads\/2019\/03\/fotob-8-e1553551212285.jpg\" alt=\"\" width=\"680\" height=\"493\" srcset=\"https:\/\/diarioregionaldigital.com.br\/wp-content\/uploads\/2019\/03\/fotob-8-e1553551212285.jpg 1382w, https:\/\/diarioregionaldigital.com.br\/wp-content\/uploads\/2019\/03\/fotob-8-e1553551212285-300x217.jpg 300w, https:\/\/diarioregionaldigital.com.br\/wp-content\/uploads\/2019\/03\/fotob-8-e1553551212285-768x556.jpg 768w, https:\/\/diarioregionaldigital.com.br\/wp-content\/uploads\/2019\/03\/fotob-8-e1553551212285-1024x742.jpg 1024w, https:\/\/diarioregionaldigital.com.br\/wp-content\/uploads\/2019\/03\/fotob-8-e1553551212285-360x261.jpg 360w\" sizes=\"auto, (max-width: 680px) 100vw, 680px\" \/><p id=\"caption-attachment-136702\" class=\"wp-caption-text\">Marcando presen\u00e7a no Restaurante Pal\u00e1cio, Marc\u00edlio Gomes, Carlos Vargas e Edimar Magnavita<\/p><\/div>\n<div id=\"attachment_136705\" style=\"width: 690px\" class=\"wp-caption aligncenter\"><img loading=\"lazy\" decoding=\"async\" aria-describedby=\"caption-attachment-136705\" class=\"wp-image-136705\" src=\"https:\/\/diarioregionaldigital.com.br\/wp-content\/uploads\/2019\/03\/fotocc-e1553551530780.jpg\" alt=\"\" width=\"680\" height=\"495\" srcset=\"https:\/\/diarioregionaldigital.com.br\/wp-content\/uploads\/2019\/03\/fotocc-e1553551530780.jpg 852w, https:\/\/diarioregionaldigital.com.br\/wp-content\/uploads\/2019\/03\/fotocc-e1553551530780-300x218.jpg 300w, https:\/\/diarioregionaldigital.com.br\/wp-content\/uploads\/2019\/03\/fotocc-e1553551530780-768x559.jpg 768w, https:\/\/diarioregionaldigital.com.br\/wp-content\/uploads\/2019\/03\/fotocc-e1553551530780-360x262.jpg 360w\" sizes=\"auto, (max-width: 680px) 100vw, 680px\" \/><p id=\"caption-attachment-136705\" class=\"wp-caption-text\">Em sua homenagem na C\u00e2mara Municipal, a Miss Brasil Emotion 2019, Julia Horta, com seus pais Patr\u00edcia e Eduardo e a irm\u00e3 La\u00eds Horta<\/p><\/div>\n<div id=\"attachment_136707\" style=\"width: 690px\" class=\"wp-caption aligncenter\"><img loading=\"lazy\" decoding=\"async\" aria-describedby=\"caption-attachment-136707\" class=\"wp-image-136707\" src=\"https:\/\/diarioregionaldigital.com.br\/wp-content\/uploads\/2019\/03\/fotodd-e1553551575351.jpg\" alt=\"\" width=\"680\" height=\"468\" srcset=\"https:\/\/diarioregionaldigital.com.br\/wp-content\/uploads\/2019\/03\/fotodd-e1553551575351.jpg 780w, https:\/\/diarioregionaldigital.com.br\/wp-content\/uploads\/2019\/03\/fotodd-e1553551575351-300x207.jpg 300w, https:\/\/diarioregionaldigital.com.br\/wp-content\/uploads\/2019\/03\/fotodd-e1553551575351-768x529.jpg 768w, https:\/\/diarioregionaldigital.com.br\/wp-content\/uploads\/2019\/03\/fotodd-e1553551575351-360x248.jpg 360w, https:\/\/diarioregionaldigital.com.br\/wp-content\/uploads\/2019\/03\/fotodd-e1553551575351-100x70.jpg 100w\" sizes=\"auto, (max-width: 680px) 100vw, 680px\" \/><p id=\"caption-attachment-136707\" class=\"wp-caption-text\">Personalidades de todas as gera\u00e7\u00f5es de JF, M\u00e1rcio Marques, PH, Rosenberg Frizeiro, Eduardo Mazzoni, Jos\u00e9 Carlos Pires e Rog\u00e9rio Belo<\/p><\/div>\n<div id=\"attachment_136709\" style=\"width: 690px\" class=\"wp-caption aligncenter\"><img loading=\"lazy\" decoding=\"async\" aria-describedby=\"caption-attachment-136709\" class=\"wp-image-136709\" src=\"https:\/\/diarioregionaldigital.com.br\/wp-content\/uploads\/2019\/03\/fotof-7-e1553551622290.jpg\" alt=\"\" width=\"680\" height=\"479\" srcset=\"https:\/\/diarioregionaldigital.com.br\/wp-content\/uploads\/2019\/03\/fotof-7-e1553551622290.jpg 1137w, https:\/\/diarioregionaldigital.com.br\/wp-content\/uploads\/2019\/03\/fotof-7-e1553551622290-300x210.jpg 300w, https:\/\/diarioregionaldigital.com.br\/wp-content\/uploads\/2019\/03\/fotof-7-e1553551622290-768x541.jpg 768w, https:\/\/diarioregionaldigital.com.br\/wp-content\/uploads\/2019\/03\/fotof-7-e1553551622290-1024x721.jpg 1024w, https:\/\/diarioregionaldigital.com.br\/wp-content\/uploads\/2019\/03\/fotof-7-e1553551622290-360x254.jpg 360w, https:\/\/diarioregionaldigital.com.br\/wp-content\/uploads\/2019\/03\/fotof-7-e1553551622290-100x70.jpg 100w\" sizes=\"auto, (max-width: 680px) 100vw, 680px\" \/><p id=\"caption-attachment-136709\" class=\"wp-caption-text\">No C\u00edrculo Militar em noite social, Gilberto Rodrigues e \u00c1urea Almeida<\/p><\/div>\n<div id=\"attachment_136712\" style=\"width: 690px\" class=\"wp-caption aligncenter\"><img loading=\"lazy\" decoding=\"async\" aria-describedby=\"caption-attachment-136712\" class=\"wp-image-136712\" src=\"https:\/\/diarioregionaldigital.com.br\/wp-content\/uploads\/2019\/03\/fotoi-7.jpg\" alt=\"\" width=\"680\" height=\"451\" srcset=\"https:\/\/diarioregionaldigital.com.br\/wp-content\/uploads\/2019\/03\/fotoi-7.jpg 1764w, https:\/\/diarioregionaldigital.com.br\/wp-content\/uploads\/2019\/03\/fotoi-7-300x199.jpg 300w, https:\/\/diarioregionaldigital.com.br\/wp-content\/uploads\/2019\/03\/fotoi-7-768x509.jpg 768w, https:\/\/diarioregionaldigital.com.br\/wp-content\/uploads\/2019\/03\/fotoi-7-1024x679.jpg 1024w, https:\/\/diarioregionaldigital.com.br\/wp-content\/uploads\/2019\/03\/fotoi-7-360x239.jpg 360w\" sizes=\"auto, (max-width: 680px) 100vw, 680px\" \/><p id=\"caption-attachment-136712\" class=\"wp-caption-text\">Na reabertura do Privil\u00e8ge, Edna Rodrigues, Raquel Cavalcante, Leandro Calixto, Eduardo Gomes e Helenise Machado<\/p><\/div>\n<div id=\"attachment_136713\" style=\"width: 690px\" class=\"wp-caption aligncenter\"><img loading=\"lazy\" decoding=\"async\" aria-describedby=\"caption-attachment-136713\" class=\"wp-image-136713\" src=\"https:\/\/diarioregionaldigital.com.br\/wp-content\/uploads\/2019\/03\/fotoj-7-e1553551787194.jpg\" alt=\"\" width=\"680\" height=\"467\" srcset=\"https:\/\/diarioregionaldigital.com.br\/wp-content\/uploads\/2019\/03\/fotoj-7-e1553551787194.jpg 1176w, https:\/\/diarioregionaldigital.com.br\/wp-content\/uploads\/2019\/03\/fotoj-7-e1553551787194-300x206.jpg 300w, https:\/\/diarioregionaldigital.com.br\/wp-content\/uploads\/2019\/03\/fotoj-7-e1553551787194-768x528.jpg 768w, https:\/\/diarioregionaldigital.com.br\/wp-content\/uploads\/2019\/03\/fotoj-7-e1553551787194-1024x704.jpg 1024w, https:\/\/diarioregionaldigital.com.br\/wp-content\/uploads\/2019\/03\/fotoj-7-e1553551787194-360x247.jpg 360w, https:\/\/diarioregionaldigital.com.br\/wp-content\/uploads\/2019\/03\/fotoj-7-e1553551787194-100x70.jpg 100w\" sizes=\"auto, (max-width: 680px) 100vw, 680px\" \/><p id=\"caption-attachment-136713\" class=\"wp-caption-text\">Brincando de faz de conta, os amigos Carolina de Paula e Talison Vardiero<\/p><\/div>\n<div id=\"attachment_136718\" style=\"width: 690px\" class=\"wp-caption aligncenter\"><img loading=\"lazy\" decoding=\"async\" aria-describedby=\"caption-attachment-136718\" class=\"wp-image-136718\" src=\"https:\/\/diarioregionaldigital.com.br\/wp-content\/uploads\/2019\/03\/fotobb-3-e1553551480185.jpg\" alt=\"\" width=\"680\" height=\"476\" srcset=\"https:\/\/diarioregionaldigital.com.br\/wp-content\/uploads\/2019\/03\/fotobb-3-e1553551480185.jpg 673w, https:\/\/diarioregionaldigital.com.br\/wp-content\/uploads\/2019\/03\/fotobb-3-e1553551480185-300x210.jpg 300w, https:\/\/diarioregionaldigital.com.br\/wp-content\/uploads\/2019\/03\/fotobb-3-e1553551480185-360x252.jpg 360w, https:\/\/diarioregionaldigital.com.br\/wp-content\/uploads\/2019\/03\/fotobb-3-e1553551480185-100x70.jpg 100w\" sizes=\"auto, (max-width: 680px) 100vw, 680px\" \/><p id=\"caption-attachment-136718\" class=\"wp-caption-text\">No Tupi Football Club, durante o 3\u00ba Encontro de Amigos, Erika Beire, Wildemar Aquino, Luciana Lopes e Dani Verpel<\/p><\/div>\n<div id=\"attachment_136711\" style=\"width: 690px\" class=\"wp-caption aligncenter\"><img loading=\"lazy\" decoding=\"async\" aria-describedby=\"caption-attachment-136711\" class=\"wp-image-136711\" src=\"https:\/\/diarioregionaldigital.com.br\/wp-content\/uploads\/2019\/03\/fotoh-8-e1553551649246.jpg\" alt=\"\" width=\"680\" height=\"475\" srcset=\"https:\/\/diarioregionaldigital.com.br\/wp-content\/uploads\/2019\/03\/fotoh-8-e1553551649246.jpg 1659w, https:\/\/diarioregionaldigital.com.br\/wp-content\/uploads\/2019\/03\/fotoh-8-e1553551649246-300x210.jpg 300w, https:\/\/diarioregionaldigital.com.br\/wp-content\/uploads\/2019\/03\/fotoh-8-e1553551649246-768x536.jpg 768w, https:\/\/diarioregionaldigital.com.br\/wp-content\/uploads\/2019\/03\/fotoh-8-e1553551649246-1024x715.jpg 1024w, https:\/\/diarioregionaldigital.com.br\/wp-content\/uploads\/2019\/03\/fotoh-8-e1553551649246-360x251.jpg 360w, https:\/\/diarioregionaldigital.com.br\/wp-content\/uploads\/2019\/03\/fotoh-8-e1553551649246-100x70.jpg 100w\" sizes=\"auto, (max-width: 680px) 100vw, 680px\" \/><p id=\"caption-attachment-136711\" class=\"wp-caption-text\">No Clube do Papo festejando Bodas, o querido casal Jos\u00e9 Geraldo e Regina Teixeira, com seu familiares<\/p><\/div>\n<p style=\"text-align: center;\"><strong>FOTOSS\u00cdNTESE<\/strong><\/p>\n<p>Para os amantes da boa gastronomia \u00e9 de bom tom ficar de olho nas promo\u00e7\u00f5es e eventos da Casa da Esquina.<\/p>\n<p>Ronald Polito est\u00e1 revestindo as paredes do MAMM com seus belos quadros na mostra \u201cMinimundos\u201d.<\/p>\n<p>Em estilo moderno j\u00e1 est\u00e1 funcionando a todo vapor o Espa\u00e7o Dr. Ramon David com tratamentos de ponta na \u00e1rea de fisioterapia em diferentes frentes. Pilates, massagens, drenagem linf\u00e1tica e fisioterapia domiciliar, neurol\u00f3gica, ortop\u00e9dica e respirat\u00f3ria. Fica na rua Prof\u00aa No\u00eamia Mendon\u00e7a, n\u00ba 01, no Teixeiras. Fone: (32) 99918-5750.<\/p>\n<p>Para o dia 30 de mar\u00e7o, \u00e0s 23h30, o Terrazzo recebe o super show de cantor Z\u00e9 Ramalho em sua Tour 2019.<\/p>\n<p>O Parque de Exposi\u00e7\u00f5es de Juiz de Fora vai ferver no dia 13 de abril, s\u00e1bado, com o show Festeja Juiz de Fora. No palco, Mar\u00edlia Mendon\u00e7a, Bruno &amp; Marrone, Netto &amp; Henrique, Dilsinho e Diego &amp;Victor Hugo.<\/p>\n<p>Para articular e discutir temas pertinentes \u00e0 gest\u00e3o de neg\u00f3cios e suas tend\u00eancias, ser\u00e1 hoje, 26, o Encontro de Gestores e Empreendedores em promo\u00e7\u00e3o do Senac, no Trade Hotel. Ser\u00e1 a partir das 19h.<\/p>\n<p>Em comemora\u00e7\u00e3o ao Dia Mundial da \u00c1gua, a AcelorMittal lan\u00e7ou o Pr\u00eamio de Meio Ambiente com tema \u201c\u00c1gua economizar para n\u00e3o faltar\u201d.<\/p>\n<p>O colunista C\u00e9sar Romero agendou para 1\u00ba de junho a Feijoada 2019. Considerando o melhor evento de feij\u00e3o, feij\u00e3o, feij\u00e3o, re\u00fane todas as gera\u00e7\u00f5es em clima de confraterniza\u00e7\u00e3o e alto astral.<\/p>\n<p>A bela morena Luisa Rocha passou e deu aquele al\u00f4.<\/p>\n<p>Esta\u00e7\u00e3o do ano: \u201cA delicadeza das folhas que caem e beijando o ch\u00e3o nos ensinam que a vida \u00e9 feita de contrastes e diferen\u00e7as.\u201d Bem-vindo seu outono lindo. Bom dia.<\/p>\n<p><img loading=\"lazy\" decoding=\"async\" class=\"aligncenter size-full wp-image-135792\" src=\"https:\/\/diarioregionaldigital.com.br\/wp-content\/uploads\/2019\/03\/Fashion_6x15-nova.jpg\" alt=\"\" width=\"3484\" height=\"1772\" srcset=\"https:\/\/diarioregionaldigital.com.br\/wp-content\/uploads\/2019\/03\/Fashion_6x15-nova.jpg 3484w, https:\/\/diarioregionaldigital.com.br\/wp-content\/uploads\/2019\/03\/Fashion_6x15-nova-300x153.jpg 300w, https:\/\/diarioregionaldigital.com.br\/wp-content\/uploads\/2019\/03\/Fashion_6x15-nova-768x391.jpg 768w, https:\/\/diarioregionaldigital.com.br\/wp-content\/uploads\/2019\/03\/Fashion_6x15-nova-1024x521.jpg 1024w, https:\/\/diarioregionaldigital.com.br\/wp-content\/uploads\/2019\/03\/Fashion_6x15-nova-360x183.jpg 360w\" sizes=\"auto, (max-width: 3484px) 100vw, 3484px\" \/><\/p>\n","protected":false},"excerpt":{"rendered":"<p>O assunto \u00e9&#8230; Em tempo de alerta e cultivar uma melhor qualidade de vida, o Gappa-Grupo de Apoio a Pais e Profissionais com Autismo promove no dia 31, no Trade Hotel, \u2018Workshop\u2019 com os especialistas Anita Brito, Claudia Moraes, F\u00e1tima de Kwant e Nicolas Brito. Visita Solid\u00e1rios e sempre antenados com causas para o bem [&hellip;]<\/p>\n","protected":false},"author":96,"featured_media":136700,"comment_status":"closed","ping_status":"closed","sticky":false,"template":"","format":"standard","meta":{"footnotes":""},"categories":[264],"tags":[],"class_list":["post-136720","post","type-post","status-publish","format-standard","has-post-thumbnail","hentry","category-eduardo-gomes"],"_links":{"self":[{"href":"https:\/\/diarioregionaldigital.com.br\/index.php?rest_route=\/wp\/v2\/posts\/136720","targetHints":{"allow":["GET"]}}],"collection":[{"href":"https:\/\/diarioregionaldigital.com.br\/index.php?rest_route=\/wp\/v2\/posts"}],"about":[{"href":"https:\/\/diarioregionaldigital.com.br\/index.php?rest_route=\/wp\/v2\/types\/post"}],"author":[{"embeddable":true,"href":"https:\/\/diarioregionaldigital.com.br\/index.php?rest_route=\/wp\/v2\/users\/96"}],"replies":[{"embeddable":true,"href":"https:\/\/diarioregionaldigital.com.br\/index.php?rest_route=%2Fwp%2Fv2%2Fcomments&post=136720"}],"version-history":[{"count":0,"href":"https:\/\/diarioregionaldigital.com.br\/index.php?rest_route=\/wp\/v2\/posts\/136720\/revisions"}],"wp:featuredmedia":[{"embeddable":true,"href":"https:\/\/diarioregionaldigital.com.br\/index.php?rest_route=\/wp\/v2\/media\/136700"}],"wp:attachment":[{"href":"https:\/\/diarioregionaldigital.com.br\/index.php?rest_route=%2Fwp%2Fv2%2Fmedia&parent=136720"}],"wp:term":[{"taxonomy":"category","embeddable":true,"href":"https:\/\/diarioregionaldigital.com.br\/index.php?rest_route=%2Fwp%2Fv2%2Fcategories&post=136720"},{"taxonomy":"post_tag","embeddable":true,"href":"https:\/\/diarioregionaldigital.com.br\/index.php?rest_route=%2Fwp%2Fv2%2Ftags&post=136720"}],"curies":[{"name":"wp","href":"https:\/\/api.w.org\/{rel}","templated":true}]}}