{"id":136715,"date":"2019-03-25T17:56:18","date_gmt":"2019-03-25T20:56:18","guid":{"rendered":"https:\/\/diarioregionaldigital.com.br\/?p=136715"},"modified":"2019-03-25T17:56:18","modified_gmt":"2019-03-25T20:56:18","slug":"simulado-de-plano-de-emergencia-de-barragem-na-zona-da-mata-sera-realizado","status":"publish","type":"post","link":"https:\/\/diarioregionaldigital.com.br\/?p=136715","title":{"rendered":"Simulado de Plano de Emerg\u00eancia de barragem na Zona da Mata ser\u00e1 realizado"},"content":{"rendered":"<p>Nesta ter\u00e7a-feira, 26, a Defesa Civil do munic\u00edpio de Rio Preto, em parceria com a Vale e o Corpo de Bombeiros, v\u00e3o realizar um simulado de evacua\u00e7\u00e3o. O exerc\u00edcio faz parte do Plano de Atendimento de Emerg\u00eancia da Barragem do Mello e tem o objetivo de preparar os moradores e equipes de atendimento para as situa\u00e7\u00f5es emergenciais.<\/p>\n<p>Pela cidade, foram instaladas placas de Pontos de Encontro. O simulado funcionar\u00e1 da seguinte forma: quando as sirenes tocarem na sua \u00e1rea, os moradores devem se dirigir, com calma e tranquilidade, para o ponto de encontro mais pr\u00f3ximo de sua casa. A Prefeitura refor\u00e7a que a presen\u00e7a\u00a0de todos \u00e9 indispens\u00e1vel.<\/p>\n<p>O simulado vai come\u00e7ar \u00e0s 8 horas nos bairros de Vila Verde, Cruzeiro, Benfica e Parape\u00fana; \u00e0s 10h30, ser\u00e1 na rua de Baixo e Parape\u00fana e \u00e0s 15h30 o simulado ser\u00e1 realizado nas comunidades de Furtado e Porto dos \u00ecndios<\/p>\n<p>No dia 16 de mar\u00e7o, 29 pessoas foram removidas de suas casas entre os munic\u00edpios de Santa B\u00e1rbara do Monte Verde e Rio Preto. Segundo informa\u00e7\u00f5es da Pol\u00edcia Militar, a Vale solicitou a medida de seguran\u00e7a ap\u00f3s as fortes chuvas que teriam elevado a barragem para n\u00edvel 2 de risco. As 19 fam\u00edlias afetadas foram encaminhadas para hot\u00e9is e pousadas da regi\u00e3o, com apoio da PM e da Defesa Civil. No dia 20 deste m\u00eas, o estado de emerg\u00eancia foi revogado, voltando para o estado de alerta e as fam\u00edlias foram autorizadas a retornarem as suas resid\u00eancias.<\/p>\n","protected":false},"excerpt":{"rendered":"<p>Nesta ter\u00e7a-feira, 26, a Defesa Civil do munic\u00edpio de Rio Preto, em parceria com a Vale e o Corpo de Bombeiros, v\u00e3o realizar um simulado de evacua\u00e7\u00e3o. O exerc\u00edcio faz parte do Plano de Atendimento de Emerg\u00eancia da Barragem do Mello e tem o objetivo de preparar os moradores e equipes de atendimento para as [&hellip;]<\/p>\n","protected":false},"author":96,"featured_media":136359,"comment_status":"closed","ping_status":"closed","sticky":false,"template":"","format":"standard","meta":{"footnotes":""},"categories":[436,440,252,439],"tags":[],"class_list":["post-136715","post","type-post","status-publish","format-standard","has-post-thumbnail","hentry","category-destaque-da-semana","category-destaques-do-dia","category-regiao","category-ultima-hora"],"_links":{"self":[{"href":"https:\/\/diarioregionaldigital.com.br\/index.php?rest_route=\/wp\/v2\/posts\/136715","targetHints":{"allow":["GET"]}}],"collection":[{"href":"https:\/\/diarioregionaldigital.com.br\/index.php?rest_route=\/wp\/v2\/posts"}],"about":[{"href":"https:\/\/diarioregionaldigital.com.br\/index.php?rest_route=\/wp\/v2\/types\/post"}],"author":[{"embeddable":true,"href":"https:\/\/diarioregionaldigital.com.br\/index.php?rest_route=\/wp\/v2\/users\/96"}],"replies":[{"embeddable":true,"href":"https:\/\/diarioregionaldigital.com.br\/index.php?rest_route=%2Fwp%2Fv2%2Fcomments&post=136715"}],"version-history":[{"count":0,"href":"https:\/\/diarioregionaldigital.com.br\/index.php?rest_route=\/wp\/v2\/posts\/136715\/revisions"}],"wp:featuredmedia":[{"embeddable":true,"href":"https:\/\/diarioregionaldigital.com.br\/index.php?rest_route=\/wp\/v2\/media\/136359"}],"wp:attachment":[{"href":"https:\/\/diarioregionaldigital.com.br\/index.php?rest_route=%2Fwp%2Fv2%2Fmedia&parent=136715"}],"wp:term":[{"taxonomy":"category","embeddable":true,"href":"https:\/\/diarioregionaldigital.com.br\/index.php?rest_route=%2Fwp%2Fv2%2Fcategories&post=136715"},{"taxonomy":"post_tag","embeddable":true,"href":"https:\/\/diarioregionaldigital.com.br\/index.php?rest_route=%2Fwp%2Fv2%2Ftags&post=136715"}],"curies":[{"name":"wp","href":"https:\/\/api.w.org\/{rel}","templated":true}]}}