{"id":136691,"date":"2019-03-25T18:36:49","date_gmt":"2019-03-25T21:36:49","guid":{"rendered":"https:\/\/diarioregionaldigital.com.br\/?p=136691"},"modified":"2019-03-25T18:56:30","modified_gmt":"2019-03-25T21:56:30","slug":"desembargador-manda-soltar-temer-e-moreira-franco","status":"publish","type":"post","link":"https:\/\/diarioregionaldigital.com.br\/?p=136691","title":{"rendered":"Desembargador manda soltar Temer e Moreira Franco"},"content":{"rendered":"<p>O desembargador federal Antonio Ivan Athi\u00e9, do Tribunal Regional Federal da 2\u00aa Regi\u00e3o (TRF2), determinou nessa segunda-feira, 25, a soltura do ex-presidente Michel Temer, do\u00a0ex-ministro Moreira Franco e de mais seis\u00a0presos em opera\u00e7\u00e3o deflagrada na \u00faltima quinta-feira, 21\u00a0pela Pol\u00edcia Federal e pelo\u00a0Minist\u00e9rio P\u00fablico Federal (MPF).<\/p>\n<p>Al\u00e9m de Temer e Moreira Franco, pediram\u00a0habeas corpus\u00a0o\u00a0coronel Jo\u00e3o Batista Lima Filho (coronel Lima), Maria Rita Fratezi, Carlos Alberto Costa, Carlos Alberto Costa Filho e Vanderlei de Natale. A decis\u00e3o do desembargador tamb\u00e9m foi estendida a Carlos Alberto Montenegro Gallo, que n\u00e3o impetrou pedido de\u00a0habeas corpus.<\/p>\n<p>O ex-presidente foi preso preventivamente junto com o ex-ministro e outros acusados de integrar\u00a0uma quadrilha que cometeu crimes de corrup\u00e7\u00e3o relacionados \u00e0 constru\u00e7\u00e3o da Usina Nuclear Angra 3. A pedido da defesa, ap\u00f3s ser preso, Temer foi levado para a sede da Superintend\u00eancia da Pol\u00edcia Federal no Rio\u00a0de Janeiro. O\u00a0ex-ministro Moreira Franco estava preso no Batalh\u00e3o Especial Prisional (BEP), em Niter\u00f3i.<\/p>\n<p>As pris\u00f5es foram determinadas pelo juiz federal Marcelo Bretas, da 7\u00aa Vara Federal Criminal, que julga os processos relacionados \u00e0 Lava Jato no Rio\u00a0de Janeiro.<\/p>\n<p>Na decis\u00e3o, o desembargador diz que n\u00e3o p\u00f4de se posicionar na\u00a0sexta-feira, 22, por\u00a0ter\u00a0recebido sete pedidos de\u00a0habeas corpus, o \u00faltimo deles \u00e0s 17h, e ter\u00a0atendido pessoalmente os representantes das partes.<\/p>\n<p>&#8220;N\u00e3o tinha, assim, a menor condi\u00e7\u00e3o de, naquela tarde, decidir com seguran\u00e7a. A \u00fanica provid\u00eancia poss\u00edvel e adequada, a meu ver, foi a de instar o Ju\u00edzo indigitado coator (o juiz Marcelo Bretas) a dizer se mantinha sua decis\u00e3o, em face das alega\u00e7\u00f5es feitas em nome dos pacientes em seus\u00a0habeas corpus, das quais deu-se-lhe conhecimento, e tamb\u00e9m fixar data-limite para resolver os pedidos, mediante a inclus\u00e3o em pauta dos processos, na sess\u00e3o de\u00a0quarta-feira pr\u00f3xima&#8221;.<\/p>\n<p>Antonio Ivan Athi\u00e9 afirma\u00a0que \u00e9 a favor da opera\u00e7\u00e3o Lava Jato.\u00a0&#8220;Reafirmo, por fim, que sou a favor da opera\u00e7\u00e3o chamada &#8216;Lava-Jato&#8217;. Reafirmo tamb\u00e9m que as investiga\u00e7\u00f5es, as decis\u00f5es, enfim tudo que, n\u00e3o s\u00f3 a ela concerne mas a todas sem exce\u00e7\u00e3o, devem observar as garantias constitucionais, e as leis, sob pena de n\u00e3o serem legitimadas&#8221;.<\/p>\n<p>O desembargador argumenta que a decis\u00e3o de Bretas n\u00e3o se sustenta ao determinar a pris\u00e3o &#8220;em face da aus\u00eancia de contemporaneidade dos fatos&#8221;. Ivan Athi\u00e9 tamb\u00e9m destaca que Temer e Moreira Franco n\u00e3o ocupam mais os cargos nos quais os crimes teriam sido praticados: &#8220;Assim, o motivo principal da decis\u00e3o atacada \u2013 cessar a atividade il\u00edcita \u2013 simplesmente n\u00e3o existe&#8221;.<\/p>\n<p>Os pedidos de liberdade\u00a0seriam discutidos na pauta de julgamento do TRF2\u00a0na pr\u00f3xima\u00a0quarta-feira, 27,\u00a0e agora foram\u00a0retirados\u00a0de pauta.<\/p>\n<p>A decis\u00e3o de soltar os presos foi tomada pelo desembargador em car\u00e1ter\u00a0liminar e monocr\u00e1tico. O\u00a0m\u00e9rito dos pedidos de\u00a0habeas corpus\u00a0ainda ser\u00e1 avaliado pela Primeira Turma Especializada, depois que o MPF tomar ci\u00eancia da decis\u00e3o e se manifestar sobre ela. A data dessa discuss\u00e3o ainda n\u00e3o foi definida.<\/p>\n<p>Fonte: Ag\u00eancia Brasil<\/p>\n","protected":false},"excerpt":{"rendered":"<p>O desembargador federal Antonio Ivan Athi\u00e9, do Tribunal Regional Federal da 2\u00aa Regi\u00e3o (TRF2), determinou nessa segunda-feira, 25, a soltura do ex-presidente Michel Temer, do\u00a0ex-ministro Moreira Franco e de mais seis\u00a0presos em opera\u00e7\u00e3o deflagrada na \u00faltima quinta-feira, 21\u00a0pela Pol\u00edcia Federal e pelo\u00a0Minist\u00e9rio P\u00fablico Federal (MPF). Al\u00e9m de Temer e Moreira Franco, pediram\u00a0habeas corpus\u00a0o\u00a0coronel Jo\u00e3o Batista [&hellip;]<\/p>\n","protected":false},"author":96,"featured_media":136595,"comment_status":"closed","ping_status":"closed","sticky":false,"template":"","format":"standard","meta":{"footnotes":""},"categories":[436,440,254,439],"tags":[],"class_list":["post-136691","post","type-post","status-publish","format-standard","has-post-thumbnail","hentry","category-destaque-da-semana","category-destaques-do-dia","category-politica","category-ultima-hora"],"_links":{"self":[{"href":"https:\/\/diarioregionaldigital.com.br\/index.php?rest_route=\/wp\/v2\/posts\/136691","targetHints":{"allow":["GET"]}}],"collection":[{"href":"https:\/\/diarioregionaldigital.com.br\/index.php?rest_route=\/wp\/v2\/posts"}],"about":[{"href":"https:\/\/diarioregionaldigital.com.br\/index.php?rest_route=\/wp\/v2\/types\/post"}],"author":[{"embeddable":true,"href":"https:\/\/diarioregionaldigital.com.br\/index.php?rest_route=\/wp\/v2\/users\/96"}],"replies":[{"embeddable":true,"href":"https:\/\/diarioregionaldigital.com.br\/index.php?rest_route=%2Fwp%2Fv2%2Fcomments&post=136691"}],"version-history":[{"count":0,"href":"https:\/\/diarioregionaldigital.com.br\/index.php?rest_route=\/wp\/v2\/posts\/136691\/revisions"}],"wp:featuredmedia":[{"embeddable":true,"href":"https:\/\/diarioregionaldigital.com.br\/index.php?rest_route=\/wp\/v2\/media\/136595"}],"wp:attachment":[{"href":"https:\/\/diarioregionaldigital.com.br\/index.php?rest_route=%2Fwp%2Fv2%2Fmedia&parent=136691"}],"wp:term":[{"taxonomy":"category","embeddable":true,"href":"https:\/\/diarioregionaldigital.com.br\/index.php?rest_route=%2Fwp%2Fv2%2Fcategories&post=136691"},{"taxonomy":"post_tag","embeddable":true,"href":"https:\/\/diarioregionaldigital.com.br\/index.php?rest_route=%2Fwp%2Fv2%2Ftags&post=136691"}],"curies":[{"name":"wp","href":"https:\/\/api.w.org\/{rel}","templated":true}]}}