{"id":136685,"date":"2019-03-25T14:59:50","date_gmt":"2019-03-25T17:59:50","guid":{"rendered":"https:\/\/diarioregionaldigital.com.br\/?p=136685"},"modified":"2019-03-25T14:59:50","modified_gmt":"2019-03-25T17:59:50","slug":"luis-fernando-serra-e-indicado-para-embaixada-do-brasil-em-paris","status":"publish","type":"post","link":"https:\/\/diarioregionaldigital.com.br\/?p=136685","title":{"rendered":"Lu\u00eds Fernando Serra \u00e9 indicado para embaixada do Brasil em Paris"},"content":{"rendered":"<p>O diplomata Lu\u00eds Fernando Serra foi indicado pelo presidente Jair Bolsonaro para ser o novo embaixador do Brasil na Fran\u00e7a. Na semana passada, o Minist\u00e9rio das Rela\u00e7\u00f5es Exteriores enviou o pedido de <em>agr\u00e9ment<\/em> e, agora, aguarda o retorno do governo franc\u00eas. A informa\u00e7\u00e3o foi confirmada hoje, 25, por Serra, ap\u00f3s reuni\u00e3o com o Bolsonaro e o ministro da Casa Civil, Onyx Lorenzoni, no Pal\u00e1cio do Planalto.<\/p>\n<p>O<em> agr\u00e9ment<\/em> \u00e9 a concord\u00e2ncia de um Estado para receber membros de uma miss\u00e3o diplom\u00e1tica de um pa\u00eds estrangeiro.<\/p>\n<p>Serra ressaltou a import\u00e2ncia da rela\u00e7\u00e3o diplom\u00e1tica entre os dois pa\u00edses e do Brasil continuar atraindo investimentos franceses. \u201cA Fran\u00e7a investiu tanto no Brasil como na China, \u00e9 dif\u00edcil um pa\u00eds europeu que tenha feito igual, isso tem que ser sustentado para o bem dos dois pa\u00edses. A Fran\u00e7a criou 1,5 milh\u00e3o de empregos no Brasil e queremos que crie mais, al\u00e9m das nossas rela\u00e7\u00f5es culturais e cient\u00edficas que existem h\u00e1 200 anos\u201d, disse.<\/p>\n<p>Para Serra, a Fran\u00e7a dever\u00e1 ser ainda mais central ap\u00f3s a sa\u00edda da alem\u00e3 Angela Merkel do governo. Desde 2005 no cargo de chanceler da Alemanha, Merkel anunciou, em outubro do ano passado, que n\u00e3o buscar\u00e1 um novo mandato em 2021, o que pode enfraquecer o papel de lideran\u00e7a da Alemanha na Uni\u00e3o Europeia. \u201cA Fran\u00e7a tem tudo para assumir essa centralidade\u201d, disse Serra.<\/p>\n<p>Atualmente sem fun\u00e7\u00e3o no Itamaraty, Serra foi embaixador do Brasil na Coreia do Sul, de 2016 at\u00e9 meados de 2018. No in\u00edcio de 2018, conheceu Bolsonaro em Seul, capital sul-coreana, durante a viagem do ent\u00e3o pr\u00e9-candidato \u00e0 presid\u00eancia a pa\u00edses orientais. Durante o governo de transi\u00e7\u00e3o, Serra chegou a ser cotado para chefiar o Itamaraty.<\/p>\n<p>Ap\u00f3s a an\u00e1lise do curr\u00edculo e concord\u00e2ncia do governo franc\u00eas, Serra dever\u00e1 ser sabatinado na Comiss\u00e3o de Rela\u00e7\u00f5es Exteriores e Defesa Nacional (CRE) do Senado. Depois de ser aprovada pelo colegiado, a indica\u00e7\u00e3o do diplomata ainda ser\u00e1 analisada pelo plen\u00e1rio da Casa.<\/p>\n<p>Brasil e Fran\u00e7a mant\u00eam rela\u00e7\u00f5es diplom\u00e1ticas desde 1825. O atual embaixador do Brasil na Fran\u00e7a \u00e9 o diplomata Paulo Cesar de Oliveira Campos.<\/p>\n<p>Fonte: Ag\u00eancia Brasil<\/p>\n","protected":false},"excerpt":{"rendered":"<p>O diplomata Lu\u00eds Fernando Serra foi indicado pelo presidente Jair Bolsonaro para ser o novo embaixador do Brasil na Fran\u00e7a. Na semana passada, o Minist\u00e9rio das Rela\u00e7\u00f5es Exteriores enviou o pedido de agr\u00e9ment e, agora, aguarda o retorno do governo franc\u00eas. A informa\u00e7\u00e3o foi confirmada hoje, 25, por Serra, ap\u00f3s reuni\u00e3o com o Bolsonaro e [&hellip;]<\/p>\n","protected":false},"author":96,"featured_media":136686,"comment_status":"closed","ping_status":"closed","sticky":false,"template":"","format":"standard","meta":{"footnotes":""},"categories":[436,254,439],"tags":[],"class_list":["post-136685","post","type-post","status-publish","format-standard","has-post-thumbnail","hentry","category-destaque-da-semana","category-politica","category-ultima-hora"],"_links":{"self":[{"href":"https:\/\/diarioregionaldigital.com.br\/index.php?rest_route=\/wp\/v2\/posts\/136685","targetHints":{"allow":["GET"]}}],"collection":[{"href":"https:\/\/diarioregionaldigital.com.br\/index.php?rest_route=\/wp\/v2\/posts"}],"about":[{"href":"https:\/\/diarioregionaldigital.com.br\/index.php?rest_route=\/wp\/v2\/types\/post"}],"author":[{"embeddable":true,"href":"https:\/\/diarioregionaldigital.com.br\/index.php?rest_route=\/wp\/v2\/users\/96"}],"replies":[{"embeddable":true,"href":"https:\/\/diarioregionaldigital.com.br\/index.php?rest_route=%2Fwp%2Fv2%2Fcomments&post=136685"}],"version-history":[{"count":0,"href":"https:\/\/diarioregionaldigital.com.br\/index.php?rest_route=\/wp\/v2\/posts\/136685\/revisions"}],"wp:featuredmedia":[{"embeddable":true,"href":"https:\/\/diarioregionaldigital.com.br\/index.php?rest_route=\/wp\/v2\/media\/136686"}],"wp:attachment":[{"href":"https:\/\/diarioregionaldigital.com.br\/index.php?rest_route=%2Fwp%2Fv2%2Fmedia&parent=136685"}],"wp:term":[{"taxonomy":"category","embeddable":true,"href":"https:\/\/diarioregionaldigital.com.br\/index.php?rest_route=%2Fwp%2Fv2%2Fcategories&post=136685"},{"taxonomy":"post_tag","embeddable":true,"href":"https:\/\/diarioregionaldigital.com.br\/index.php?rest_route=%2Fwp%2Fv2%2Ftags&post=136685"}],"curies":[{"name":"wp","href":"https:\/\/api.w.org\/{rel}","templated":true}]}}