{"id":136684,"date":"2019-03-25T15:03:01","date_gmt":"2019-03-25T18:03:01","guid":{"rendered":"https:\/\/diarioregionaldigital.com.br\/?p=136684"},"modified":"2019-03-25T15:03:01","modified_gmt":"2019-03-25T18:03:01","slug":"proximo-destino-de-bolsonaro-israel-e-pais-prioritario-para-o-governo","status":"publish","type":"post","link":"https:\/\/diarioregionaldigital.com.br\/?p=136684","title":{"rendered":"Pr\u00f3ximo destino de Bolsonaro, Israel \u00e9 pa\u00eds priorit\u00e1rio para o governo"},"content":{"rendered":"<p>Antes que mar\u00e7o termine, o presidente Jair Bolsonaro \u2013 que esteve nos Estados Unidos e no Chile nos \u00faltimos dias \u2013 ainda tem pela frente uma viagem a Israel, onde desembarca no pr\u00f3ximo domingo, 31. A intensa agenda internacional cumprida ao longo deste m\u00eas reuniu em um curto intervalo destinos que j\u00e1 vinham sendo sinalizados, desde a campanha eleitoral, como priorit\u00e1rios para o governo.<\/p>\n<p>Em Israel, Bolsonaro retribuir\u00e1 a presen\u00e7a do primeiro-ministro Benjamin Netanyahu em sua posse, mas, principalmente, buscar\u00e1 negociar, ao lado do chanceler brasileiro, Ernesto Ara\u00fajo, e outros integrantes de seu primeiro escal\u00e3o \u2013 ainda n\u00e3o confirmados \u2013 amplia\u00e7\u00e3o de trocas na \u00e1rea comercial, em ci\u00eancia e tecnologia e na coopera\u00e7\u00e3o em seguran\u00e7a p\u00fablica e defesa.<\/p>\n<p>Presen\u00e7a quase certa na comitiva, o ministro da Ci\u00eancia, Tecnologia, Inova\u00e7\u00f5es e Comunica\u00e7\u00f5es, Marcos Pontes,\u00a0esteve no pa\u00eds\u00a0do Oriente M\u00e9dio no in\u00edcio do ano para conhecer projetos de inova\u00e7\u00e3o e tecnologias estrat\u00e9gicas que despertam interesse brasileiro como as instala\u00e7\u00f5es de dessaliniza\u00e7\u00e3o de \u00e1gua. Por mais de uma vez, a administra\u00e7\u00e3o Bolsonaro destacou a expertise israelense nesta \u00e1rea, com sofisticados sistemas de irriga\u00e7\u00e3o e dessaliniza\u00e7\u00e3o e uso de sementes resistentes \u00e0 seca. Medidas que poderiam ser replicadas como solu\u00e7\u00e3o para o Semi\u00e1rido brasileiro.<\/p>\n<p>No campo comercial, as conversas devem se concentrar nas exporta\u00e7\u00f5es brasileiras de carne bovina e soja. Os produtos integram uma carteira de vendas brasileiras para Israel, que, no ano passado, superaram a marca dos US$ 293 milh\u00f5es, segundo dados do Minist\u00e9rio da Ind\u00fastria e Com\u00e9rcio do Brasil. Em contrapartida, o Brasil importou, em mercadorias do Oriente M\u00e9dio, US$ 1,060 bilh\u00e3o. O maior volume de importa\u00e7\u00e3o se concentra em produtos como cloreto de pot\u00e1ssio (28% do total), al\u00e9m de inseticidas e herbicidas, que respondem por 24% das exporta\u00e7\u00f5es.<\/p>\n<p><strong>Coopera\u00e7\u00e3o<\/strong><\/p>\n<p>O Itamaraty classifica as rela\u00e7\u00e3o entre os dois pa\u00edses de cordial e positiva. Israel chegou a enviar um\u00a0equipe de militares e equipamentos\u00a0para ajudar nas buscas de mortos na trag\u00e9dia de Brumadinho, em janeiro.<\/p>\n<p>Dados do governo brasileiro apontam presen\u00e7a de significativa comunidade judaica no Brasil, estimada em mais de 100 mil pessoas, considerada a d\u00e9cima maior do mundo. As real\u00e7\u00f5es diplom\u00e1ticas entre Brasil e Israel foram estabelecidas em 1949 e, em 1951, foi criada a Lega\u00e7\u00e3o do Brasil em Tel Aviv \u2013 elevada, em 1958, \u00e0 categoria de Embaixada. Israel estabeleceu embaixada no Brasil em 1955.<\/p>\n<p>O debate sobre a sede da embaixada brasileira em Israel foi uma das quest\u00f5es aventadas por Bolsonaro desde a campanha. O ent\u00e3o candidato \u00e0 presid\u00eancia do Brasil defendeu a mudan\u00e7a da embaixada brasileira de Tel Aviv para Jerusal\u00e9m, seguindo decis\u00f5es semelhantes as adotadas pelos Estados Unidos e Guatemala. Mas, o governo decidiu\u00a0amadurecer o tema.<\/p>\n<p>&nbsp;<\/p>\n<p>Fonte: Ag\u00eancia Brasil<\/p>\n","protected":false},"excerpt":{"rendered":"<p>Antes que mar\u00e7o termine, o presidente Jair Bolsonaro \u2013 que esteve nos Estados Unidos e no Chile nos \u00faltimos dias \u2013 ainda tem pela frente uma viagem a Israel, onde desembarca no pr\u00f3ximo domingo, 31. A intensa agenda internacional cumprida ao longo deste m\u00eas reuniu em um curto intervalo destinos que j\u00e1 vinham sendo sinalizados, [&hellip;]<\/p>\n","protected":false},"author":96,"featured_media":134157,"comment_status":"closed","ping_status":"closed","sticky":false,"template":"","format":"standard","meta":{"footnotes":""},"categories":[436,254,439],"tags":[],"class_list":["post-136684","post","type-post","status-publish","format-standard","has-post-thumbnail","hentry","category-destaque-da-semana","category-politica","category-ultima-hora"],"_links":{"self":[{"href":"https:\/\/diarioregionaldigital.com.br\/index.php?rest_route=\/wp\/v2\/posts\/136684","targetHints":{"allow":["GET"]}}],"collection":[{"href":"https:\/\/diarioregionaldigital.com.br\/index.php?rest_route=\/wp\/v2\/posts"}],"about":[{"href":"https:\/\/diarioregionaldigital.com.br\/index.php?rest_route=\/wp\/v2\/types\/post"}],"author":[{"embeddable":true,"href":"https:\/\/diarioregionaldigital.com.br\/index.php?rest_route=\/wp\/v2\/users\/96"}],"replies":[{"embeddable":true,"href":"https:\/\/diarioregionaldigital.com.br\/index.php?rest_route=%2Fwp%2Fv2%2Fcomments&post=136684"}],"version-history":[{"count":0,"href":"https:\/\/diarioregionaldigital.com.br\/index.php?rest_route=\/wp\/v2\/posts\/136684\/revisions"}],"wp:featuredmedia":[{"embeddable":true,"href":"https:\/\/diarioregionaldigital.com.br\/index.php?rest_route=\/wp\/v2\/media\/134157"}],"wp:attachment":[{"href":"https:\/\/diarioregionaldigital.com.br\/index.php?rest_route=%2Fwp%2Fv2%2Fmedia&parent=136684"}],"wp:term":[{"taxonomy":"category","embeddable":true,"href":"https:\/\/diarioregionaldigital.com.br\/index.php?rest_route=%2Fwp%2Fv2%2Fcategories&post=136684"},{"taxonomy":"post_tag","embeddable":true,"href":"https:\/\/diarioregionaldigital.com.br\/index.php?rest_route=%2Fwp%2Fv2%2Ftags&post=136684"}],"curies":[{"name":"wp","href":"https:\/\/api.w.org\/{rel}","templated":true}]}}