{"id":136683,"date":"2019-03-31T06:00:55","date_gmt":"2019-03-31T09:00:55","guid":{"rendered":"https:\/\/diarioregionaldigital.com.br\/?p=136683"},"modified":"2019-03-28T14:32:26","modified_gmt":"2019-03-28T17:32:26","slug":"pais-cria-173-mil-empregos-maior-resultado-para-fevereiro-desde-2014","status":"publish","type":"post","link":"https:\/\/diarioregionaldigital.com.br\/?p=136683","title":{"rendered":"Pa\u00eds cria 173 mil empregos, maior resultado para fevereiro desde 2014"},"content":{"rendered":"<p>O pa\u00eds registrou, pelo\u00a0terceiro m\u00eas seguido, a cria\u00e7\u00e3o de empregos com carteira assinada. Segundo dados divulgados pelo Cadastro Geral de Empregados e Desempregados (Caged), da Secretaria de Trabalho do Minist\u00e9rio da Economia, o saldo positivo de emprego formal chegou a 173.139 no \u00faltimo m\u00eas. Esse foi o maior saldo positivo para fevereiro desde 2014 (260.823).<\/p>\n<p>O resultado decorreu de 1.453.284 admiss\u00f5es e 1.280.145 demiss\u00f5es. O estoque do emprego formal alcan\u00e7ou 38,6 milh\u00f5es de postos de trabalho.<\/p>\n<p>Nos dois meses do ano, o saldo de gera\u00e7\u00e3o de empregos formais chegou a 211.474. Nos 12 meses terminados em fevereiro, foram criados 575.226 postos de trabalho.<\/p>\n<p>Segundo o secret\u00e1rio especial de Previd\u00eancia e Trabalho do Minist\u00e9rio da Economia, Rog\u00e9rio Marinho, h\u00e1 sinaliza\u00e7\u00e3o de \u201cretomada consistente\u201d do emprego no pa\u00eds.<\/p>\n<p>\u201cNossa expectativa \u00e9 de que essa retomada se mantenha nos pr\u00f3ximos meses principalmente porque a economia vai bem. Esse n\u00famero de empregos gerados no m\u00eas de fevereiro \u00e9 uma demonstra\u00e7\u00e3o de que as mudan\u00e7as propostas \u2013 como flexibilidade, desburocratiza\u00e7\u00e3o, uma vis\u00e3o mais liberal da economia \u2013 passam confian\u00e7a \u00e0 economia real no processo de retomar as contra\u00e7\u00f5es\u201d, explicou.<\/p>\n<p>&nbsp;<\/p>\n<p>Fonte: Ag\u00eancia Brasil<\/p>\n","protected":false},"excerpt":{"rendered":"<p>O pa\u00eds registrou, pelo\u00a0terceiro m\u00eas seguido, a cria\u00e7\u00e3o de empregos com carteira assinada. Segundo dados divulgados pelo Cadastro Geral de Empregados e Desempregados (Caged), da Secretaria de Trabalho do Minist\u00e9rio da Economia, o saldo positivo de emprego formal chegou a 173.139 no \u00faltimo m\u00eas. Esse foi o maior saldo positivo para fevereiro desde 2014 (260.823). [&hellip;]<\/p>\n","protected":false},"author":96,"featured_media":134889,"comment_status":"closed","ping_status":"closed","sticky":false,"template":"","format":"standard","meta":{"footnotes":""},"categories":[436,261,262,439],"tags":[],"class_list":["post-136683","post","type-post","status-publish","format-standard","has-post-thumbnail","hentry","category-destaque-da-semana","category-economia","category-noticias","category-ultima-hora"],"_links":{"self":[{"href":"https:\/\/diarioregionaldigital.com.br\/index.php?rest_route=\/wp\/v2\/posts\/136683","targetHints":{"allow":["GET"]}}],"collection":[{"href":"https:\/\/diarioregionaldigital.com.br\/index.php?rest_route=\/wp\/v2\/posts"}],"about":[{"href":"https:\/\/diarioregionaldigital.com.br\/index.php?rest_route=\/wp\/v2\/types\/post"}],"author":[{"embeddable":true,"href":"https:\/\/diarioregionaldigital.com.br\/index.php?rest_route=\/wp\/v2\/users\/96"}],"replies":[{"embeddable":true,"href":"https:\/\/diarioregionaldigital.com.br\/index.php?rest_route=%2Fwp%2Fv2%2Fcomments&post=136683"}],"version-history":[{"count":0,"href":"https:\/\/diarioregionaldigital.com.br\/index.php?rest_route=\/wp\/v2\/posts\/136683\/revisions"}],"wp:featuredmedia":[{"embeddable":true,"href":"https:\/\/diarioregionaldigital.com.br\/index.php?rest_route=\/wp\/v2\/media\/134889"}],"wp:attachment":[{"href":"https:\/\/diarioregionaldigital.com.br\/index.php?rest_route=%2Fwp%2Fv2%2Fmedia&parent=136683"}],"wp:term":[{"taxonomy":"category","embeddable":true,"href":"https:\/\/diarioregionaldigital.com.br\/index.php?rest_route=%2Fwp%2Fv2%2Fcategories&post=136683"},{"taxonomy":"post_tag","embeddable":true,"href":"https:\/\/diarioregionaldigital.com.br\/index.php?rest_route=%2Fwp%2Fv2%2Ftags&post=136683"}],"curies":[{"name":"wp","href":"https:\/\/api.w.org\/{rel}","templated":true}]}}