{"id":136679,"date":"2019-03-25T14:49:07","date_gmt":"2019-03-25T17:49:07","guid":{"rendered":"https:\/\/diarioregionaldigital.com.br\/?p=136679"},"modified":"2019-03-25T14:49:07","modified_gmt":"2019-03-25T17:49:07","slug":"mercado-financeiro-reduz-projecao-de-crescimento-da-economia","status":"publish","type":"post","link":"https:\/\/diarioregionaldigital.com.br\/?p=136679","title":{"rendered":"Mercado financeiro reduz proje\u00e7\u00e3o de crescimento da economia"},"content":{"rendered":"<p>O mercado financeiro reduziu a proje\u00e7\u00e3o de crescimento da economia em 2019 e 2020.<\/p>\n<p>A estimativa para a expans\u00e3o do Produto Interno Bruto (PIB) \u2013 a soma de todos os bens e servi\u00e7os produzidos no pa\u00eds \u2013 caiu de 2,01% para 2% neste ano. Foi a quarta redu\u00e7\u00e3o consecutiva.<\/p>\n<p>Para 2020, a estimativa de crescimento do PIB caiu de 2,80% para 2,78. As proje\u00e7\u00f5es de crescimento do PIB para 2021 e 2022 permanecem em 2,50%.<\/p>\n<p>As estimativas est\u00e3o no boletim Focus, publica\u00e7\u00e3o semanal elaborada com base em estimativas de institui\u00e7\u00f5es financeiras sobre os principais indicadores econ\u00f4micos. O boletim \u00e9 divulgado \u00e0s segundas-feiras, pelo Banco Central, em Bras\u00edlia.<\/p>\n<h2>Infla\u00e7\u00e3o<\/h2>\n<p>A estimativa da infla\u00e7\u00e3o, calculada pelo \u00cdndice Nacional de Pre\u00e7os ao Consumidor Amplo (IPCA), permanece em 3,89% neste ano.<\/p>\n<p>Em rela\u00e7\u00e3o a 2020, a previs\u00e3o para o IPCA segue em 4%. Para 2021 e 2022, tamb\u00e9m n\u00e3o houve altera\u00e7\u00e3o na proje\u00e7\u00e3o: 3,75%.<\/p>\n<p>A meta de infla\u00e7\u00e3o deste ano, definida pelo Conselho Monet\u00e1rio Nacional (CMN), \u00e9 4,25%, com intervalo de toler\u00e2ncia entre 2,75% e 5,75%. A estimativa para 2020 est\u00e1 no centro da meta: 4%.<\/p>\n<p>Essa meta tem intervalo de 1,5 ponto percentual para cima ou para baixo. Para 2021, o centro da meta \u00e9 3,75%, tamb\u00e9m com intervalo de toler\u00e2ncia de 1,5 ponto percentual. O CMN ainda n\u00e3o definiu a meta de infla\u00e7\u00e3o para 2022.<\/p>\n<h2>Taxa Selic<\/h2>\n<p>Para controlar a infla\u00e7\u00e3o e alcan\u00e7ar a meta, o BC usa como principal instrumento a taxa b\u00e1sica de juros, a Selic. Para o mercado financeiro, a Selic deve permanecer no seu m\u00ednimo hist\u00f3rico de 6,5% ao ano, at\u00e9 o fim de 2019. Na semana passada, o Comit\u00ea de Pol\u00edtica Monet\u00e1ria (Copom) do BC optou por manter a Selic em 6,5% ao ano.<\/p>\n<p>Para o fim de 2020, a proje\u00e7\u00e3o para a taxa caiu de 7,75% ao ano para 7,50%. Para o final de 2020 e 2021, a expectativa permanece em 8% ao ano.<\/p>\n<p>A Selic, que serve de refer\u00eancia para os demais juros da economia, \u00e9 a taxa m\u00e9dia cobrada nas negocia\u00e7\u00f5es com t\u00edtulos emitidos pelo Tesouro Nacional, registradas diariamente no Sistema Especial de Liquida\u00e7\u00e3o e de Cust\u00f3dia (Selic).<\/p>\n<p>A manuten\u00e7\u00e3o da Selic, como prev\u00ea o mercado financeiro este ano, indica que o Copom considera as altera\u00e7\u00f5es anteriores nos juros b\u00e1sicos suficientes para chegar \u00e0 meta de infla\u00e7\u00e3o.<\/p>\n<p>Ao reduzir os juros b\u00e1sicos, a tend\u00eancia \u00e9 diminuir os custos do cr\u00e9dito e incentivar a produ\u00e7\u00e3o e o consumo.<\/p>\n<p>Para cortar a Selic, a autoridade monet\u00e1ria precisa estar segura de que os pre\u00e7os est\u00e3o sob controle e n\u00e3o correm risco de ficar acima da meta de infla\u00e7\u00e3o.<\/p>\n<p>Quando o Copom aumenta a Selic, a meta \u00e9 conter a demanda aquecida, e isso causa reflexos nos pre\u00e7os porque os juros mais altos encarecem o cr\u00e9dito e estimulam a poupan\u00e7a.<\/p>\n<h2>D\u00f3lar<\/h2>\n<p>A previs\u00e3o do mercado financeiro para a cota\u00e7\u00e3o do d\u00f3lar permanece em R$ 3,70 no fim do ano e em R$ 3,75 no fim de 2020.<\/p>\n<p>&nbsp;<\/p>\n<p>Fonte: Ag\u00eancia Brasil<\/p>\n","protected":false},"excerpt":{"rendered":"<p>O mercado financeiro reduziu a proje\u00e7\u00e3o de crescimento da economia em 2019 e 2020. A estimativa para a expans\u00e3o do Produto Interno Bruto (PIB) \u2013 a soma de todos os bens e servi\u00e7os produzidos no pa\u00eds \u2013 caiu de 2,01% para 2% neste ano. Foi a quarta redu\u00e7\u00e3o consecutiva. Para 2020, a estimativa de crescimento [&hellip;]<\/p>\n","protected":false},"author":96,"featured_media":136681,"comment_status":"closed","ping_status":"closed","sticky":false,"template":"","format":"standard","meta":{"footnotes":""},"categories":[436,261,439],"tags":[],"class_list":["post-136679","post","type-post","status-publish","format-standard","has-post-thumbnail","hentry","category-destaque-da-semana","category-economia","category-ultima-hora"],"_links":{"self":[{"href":"https:\/\/diarioregionaldigital.com.br\/index.php?rest_route=\/wp\/v2\/posts\/136679","targetHints":{"allow":["GET"]}}],"collection":[{"href":"https:\/\/diarioregionaldigital.com.br\/index.php?rest_route=\/wp\/v2\/posts"}],"about":[{"href":"https:\/\/diarioregionaldigital.com.br\/index.php?rest_route=\/wp\/v2\/types\/post"}],"author":[{"embeddable":true,"href":"https:\/\/diarioregionaldigital.com.br\/index.php?rest_route=\/wp\/v2\/users\/96"}],"replies":[{"embeddable":true,"href":"https:\/\/diarioregionaldigital.com.br\/index.php?rest_route=%2Fwp%2Fv2%2Fcomments&post=136679"}],"version-history":[{"count":0,"href":"https:\/\/diarioregionaldigital.com.br\/index.php?rest_route=\/wp\/v2\/posts\/136679\/revisions"}],"wp:featuredmedia":[{"embeddable":true,"href":"https:\/\/diarioregionaldigital.com.br\/index.php?rest_route=\/wp\/v2\/media\/136681"}],"wp:attachment":[{"href":"https:\/\/diarioregionaldigital.com.br\/index.php?rest_route=%2Fwp%2Fv2%2Fmedia&parent=136679"}],"wp:term":[{"taxonomy":"category","embeddable":true,"href":"https:\/\/diarioregionaldigital.com.br\/index.php?rest_route=%2Fwp%2Fv2%2Fcategories&post=136679"},{"taxonomy":"post_tag","embeddable":true,"href":"https:\/\/diarioregionaldigital.com.br\/index.php?rest_route=%2Fwp%2Fv2%2Ftags&post=136679"}],"curies":[{"name":"wp","href":"https:\/\/api.w.org\/{rel}","templated":true}]}}