{"id":136678,"date":"2019-03-25T14:45:29","date_gmt":"2019-03-25T17:45:29","guid":{"rendered":"https:\/\/diarioregionaldigital.com.br\/?p=136678"},"modified":"2019-03-25T14:45:29","modified_gmt":"2019-03-25T17:45:29","slug":"brasileiros-reduziram-em-733-os-gastos-no-exterior-em-fevereiro","status":"publish","type":"post","link":"https:\/\/diarioregionaldigital.com.br\/?p=136678","title":{"rendered":"Brasileiros reduziram em 7,33% os gastos no exterior em fevereiro"},"content":{"rendered":"<p>Com a alta do d\u00f3lar, os brasileiros est\u00e3o reduzindo os gastos no exterior. De acordo com dados do Banco Central (BC), divulgados hoje, 25, as despesas em viagens internacionais chegaram a US$ 1,302 bilh\u00e3o, em fevereiro, uma redu\u00e7\u00e3o de 7,33% em rela\u00e7\u00e3o a igual per\u00edodo de 2018.<\/p>\n<p>De janeiro a fevereiro, os gastos em viagem ao exterior ficaram em US$ 2,991 bilh\u00f5es, queda de 12,21% na compara\u00e7\u00e3o com o primeiro bimestre do ano passado.<\/p>\n<p>Em fevereiro deste ano, o d\u00f3lar chegou a R$ 3,75, enquanto no mesmo m\u00eas de 2018 estava em R$ 3,24. \u201cAs pessoas fazem viagens planejadas e v\u00e1rios custos s\u00e3o feitos com anteced\u00eancia, mas taxa de c\u00e2mbio impacta\u201d, disse o chefe do Departamento de Estat\u00edsticas do BC, Fernando Rocha.<\/p>\n<p>A conta de viagens, formada pelos gastos de brasileiros e as receitas de estrangeiros no Brasil, ficou negativa em US$ 761 milh\u00f5es, em fevereiro, e em US$ 1,747 bilh\u00e3o, no primeiro bimestre.<\/p>\n<p>As viagens fazem parte da conta de servi\u00e7os (viagens internacionais, transporte, aluguel de investimentos, entre outros) das transa\u00e7\u00f5es correntes, que s\u00e3o as compras e vendas de mercadorias e servi\u00e7os e transfer\u00eancias de renda do pa\u00eds com outras na\u00e7\u00f5es. Em fevereiro, o saldo negativo das contas externas (US$ 1,134 bilh\u00e3o) foi bem menor que o registrado em igual m\u00eas de 2018 (US$ 2,043 bilh\u00f5es).<\/p>\n<p>Segundo Rocha, isso aconteceu basicamente por efeito da redu\u00e7\u00e3o no d\u00e9ficit na conta de servi\u00e7os, de US$ 2,058 bilh\u00f5es em fevereiro de 2018 para US$ 2,629 bilh\u00f5es no m\u00eas passado, e aumento no super\u00e1vit comercial.<\/p>\n<p>Em fevereiro deste ano, o super\u00e1vit comercial chegou a US$ 3,161 bilh\u00f5es, enquanto em igual m\u00eas de 2018 estava em US$ 2,657 bilh\u00f5es.<\/p>\n<p>Fonte: Ag\u00eancia Brasil<\/p>\n","protected":false},"excerpt":{"rendered":"<p>Com a alta do d\u00f3lar, os brasileiros est\u00e3o reduzindo os gastos no exterior. De acordo com dados do Banco Central (BC), divulgados hoje, 25, as despesas em viagens internacionais chegaram a US$ 1,302 bilh\u00e3o, em fevereiro, uma redu\u00e7\u00e3o de 7,33% em rela\u00e7\u00e3o a igual per\u00edodo de 2018. De janeiro a fevereiro, os gastos em viagem [&hellip;]<\/p>\n","protected":false},"author":96,"featured_media":105072,"comment_status":"closed","ping_status":"closed","sticky":false,"template":"","format":"standard","meta":{"footnotes":""},"categories":[436,261,439],"tags":[],"class_list":["post-136678","post","type-post","status-publish","format-standard","has-post-thumbnail","hentry","category-destaque-da-semana","category-economia","category-ultima-hora"],"_links":{"self":[{"href":"https:\/\/diarioregionaldigital.com.br\/index.php?rest_route=\/wp\/v2\/posts\/136678","targetHints":{"allow":["GET"]}}],"collection":[{"href":"https:\/\/diarioregionaldigital.com.br\/index.php?rest_route=\/wp\/v2\/posts"}],"about":[{"href":"https:\/\/diarioregionaldigital.com.br\/index.php?rest_route=\/wp\/v2\/types\/post"}],"author":[{"embeddable":true,"href":"https:\/\/diarioregionaldigital.com.br\/index.php?rest_route=\/wp\/v2\/users\/96"}],"replies":[{"embeddable":true,"href":"https:\/\/diarioregionaldigital.com.br\/index.php?rest_route=%2Fwp%2Fv2%2Fcomments&post=136678"}],"version-history":[{"count":0,"href":"https:\/\/diarioregionaldigital.com.br\/index.php?rest_route=\/wp\/v2\/posts\/136678\/revisions"}],"wp:featuredmedia":[{"embeddable":true,"href":"https:\/\/diarioregionaldigital.com.br\/index.php?rest_route=\/wp\/v2\/media\/105072"}],"wp:attachment":[{"href":"https:\/\/diarioregionaldigital.com.br\/index.php?rest_route=%2Fwp%2Fv2%2Fmedia&parent=136678"}],"wp:term":[{"taxonomy":"category","embeddable":true,"href":"https:\/\/diarioregionaldigital.com.br\/index.php?rest_route=%2Fwp%2Fv2%2Fcategories&post=136678"},{"taxonomy":"post_tag","embeddable":true,"href":"https:\/\/diarioregionaldigital.com.br\/index.php?rest_route=%2Fwp%2Fv2%2Ftags&post=136678"}],"curies":[{"name":"wp","href":"https:\/\/api.w.org\/{rel}","templated":true}]}}