{"id":136667,"date":"2019-03-25T14:20:46","date_gmt":"2019-03-25T17:20:46","guid":{"rendered":"https:\/\/diarioregionaldigital.com.br\/?p=136667"},"modified":"2019-03-25T14:20:46","modified_gmt":"2019-03-25T17:20:46","slug":"confianca-da-industria-recua-19-ponto-de-acordo-com-previa-de-marco","status":"publish","type":"post","link":"https:\/\/diarioregionaldigital.com.br\/?p=136667","title":{"rendered":"Confian\u00e7a da ind\u00fastria recua 1,9 ponto, de acordo com pr\u00e9via de mar\u00e7o"},"content":{"rendered":"<p>O \u00cdndice de Confian\u00e7a da Ind\u00fastria teve uma queda de 1,9 ponto na pr\u00e9via de mar\u00e7o deste ano, na compara\u00e7\u00e3o com o resultado consolidado de fevereiro. Segundo dados divulgados nesta segunda-feira, 25, pela Funda\u00e7\u00e3o Get\u00falio Vargas (FGV), o indicador caiu para 97,1 pontos, em uma escala de zero a 200 pontos.<\/p>\n<p>O recuo foi observado tanto na confian\u00e7a dos empres\u00e1rios da ind\u00fastria em rela\u00e7\u00e3o ao momento presente quanto em rela\u00e7\u00e3o ao futuro. O \u00cdndice da Situa\u00e7\u00e3o Atual caiu 1,3 ponto, para 97,5 pontos. J\u00e1 o \u00cdndice de Expectativas recuou 2,4 pontos, para 96,8 pontos.<\/p>\n<p>O N\u00edvel de Utiliza\u00e7\u00e3o da Capacidade Instalada da Ind\u00fastria (NUCI) avan\u00e7ou 0,2 ponto, para 74,9%. Para a pr\u00e9via de mar\u00e7o, foram consultadas 780 empresas entre os dias 1\u00ba e 21 deste m\u00eas.<\/p>\n<p>O resultado final da pesquisa ser\u00e1 divulgado na pr\u00f3xima sexta-feira, 29.<\/p>\n<p>&nbsp;<\/p>\n<p>Fonte: Ag\u00eancia Brasil<\/p>\n","protected":false},"excerpt":{"rendered":"<p>O \u00cdndice de Confian\u00e7a da Ind\u00fastria teve uma queda de 1,9 ponto na pr\u00e9via de mar\u00e7o deste ano, na compara\u00e7\u00e3o com o resultado consolidado de fevereiro. Segundo dados divulgados nesta segunda-feira, 25, pela Funda\u00e7\u00e3o Get\u00falio Vargas (FGV), o indicador caiu para 97,1 pontos, em uma escala de zero a 200 pontos. O recuo foi observado [&hellip;]<\/p>\n","protected":false},"author":96,"featured_media":136669,"comment_status":"closed","ping_status":"closed","sticky":false,"template":"","format":"standard","meta":{"footnotes":""},"categories":[436,261,262,439],"tags":[],"class_list":["post-136667","post","type-post","status-publish","format-standard","has-post-thumbnail","hentry","category-destaque-da-semana","category-economia","category-noticias","category-ultima-hora"],"_links":{"self":[{"href":"https:\/\/diarioregionaldigital.com.br\/index.php?rest_route=\/wp\/v2\/posts\/136667","targetHints":{"allow":["GET"]}}],"collection":[{"href":"https:\/\/diarioregionaldigital.com.br\/index.php?rest_route=\/wp\/v2\/posts"}],"about":[{"href":"https:\/\/diarioregionaldigital.com.br\/index.php?rest_route=\/wp\/v2\/types\/post"}],"author":[{"embeddable":true,"href":"https:\/\/diarioregionaldigital.com.br\/index.php?rest_route=\/wp\/v2\/users\/96"}],"replies":[{"embeddable":true,"href":"https:\/\/diarioregionaldigital.com.br\/index.php?rest_route=%2Fwp%2Fv2%2Fcomments&post=136667"}],"version-history":[{"count":0,"href":"https:\/\/diarioregionaldigital.com.br\/index.php?rest_route=\/wp\/v2\/posts\/136667\/revisions"}],"wp:featuredmedia":[{"embeddable":true,"href":"https:\/\/diarioregionaldigital.com.br\/index.php?rest_route=\/wp\/v2\/media\/136669"}],"wp:attachment":[{"href":"https:\/\/diarioregionaldigital.com.br\/index.php?rest_route=%2Fwp%2Fv2%2Fmedia&parent=136667"}],"wp:term":[{"taxonomy":"category","embeddable":true,"href":"https:\/\/diarioregionaldigital.com.br\/index.php?rest_route=%2Fwp%2Fv2%2Fcategories&post=136667"},{"taxonomy":"post_tag","embeddable":true,"href":"https:\/\/diarioregionaldigital.com.br\/index.php?rest_route=%2Fwp%2Fv2%2Ftags&post=136667"}],"curies":[{"name":"wp","href":"https:\/\/api.w.org\/{rel}","templated":true}]}}