{"id":136661,"date":"2019-03-25T11:25:53","date_gmt":"2019-03-25T14:25:53","guid":{"rendered":"https:\/\/diarioregionaldigital.com.br\/?p=136661"},"modified":"2019-03-25T11:25:53","modified_gmt":"2019-03-25T14:25:53","slug":"jf-volei-perde-para-o-lavras-e-se-despede-da-superliga-b","status":"publish","type":"post","link":"https:\/\/diarioregionaldigital.com.br\/?p=136661","title":{"rendered":"JF V\u00f4lei perde para o Lavras e se despede da Superliga B"},"content":{"rendered":"<p>Lavras e JF V\u00f4lei fizeram o terceiro e decisivo jogo das quartas de final da Superliga Masculina B na noite deste s\u00e1bado em Lavras, e o time da casa levou melhor por 3 sets a 0.<\/p>\n<p>Com a s\u00e9rie melhor de tr\u00eas jogos empatada, as duas equipes fizeram uma partida muito disputada no gin\u00e1sio da UFLA, com o \u00faltimo set chegando aos incr\u00edveis 38 a 36 no placar. O Lavras V\u00f4lei venceu com parciais de 25\/22, 25\/22 e 38 a 36.<\/p>\n<p>Com a vit\u00f3ria, o Lavras chegou \u00e0 segunda vit\u00f3ria na s\u00e9rie, avan\u00e7ou \u00e0 semifinal. Botafogo, Blumenau e An\u00e1polis tamb\u00e9m avan\u00e7am.<\/p>\n<p>O JF V\u00f4lei fica pelo caminho na Superliga. A Confedera\u00e7\u00e3o Brasileira de Voleibol divulgar\u00e1 as datas e hor\u00e1rios dos confrontos em breve.<\/p>\n<p>&nbsp;<\/p>\n","protected":false},"excerpt":{"rendered":"<p>Lavras e JF V\u00f4lei fizeram o terceiro e decisivo jogo das quartas de final da Superliga Masculina B na noite deste s\u00e1bado em Lavras, e o time da casa levou melhor por 3 sets a 0. Com a s\u00e9rie melhor de tr\u00eas jogos empatada, as duas equipes fizeram uma partida muito disputada no gin\u00e1sio da [&hellip;]<\/p>\n","protected":false},"author":96,"featured_media":136662,"comment_status":"closed","ping_status":"closed","sticky":false,"template":"","format":"standard","meta":{"footnotes":""},"categories":[257,439],"tags":[],"class_list":["post-136661","post","type-post","status-publish","format-standard","has-post-thumbnail","hentry","category-esporte","category-ultima-hora"],"_links":{"self":[{"href":"https:\/\/diarioregionaldigital.com.br\/index.php?rest_route=\/wp\/v2\/posts\/136661","targetHints":{"allow":["GET"]}}],"collection":[{"href":"https:\/\/diarioregionaldigital.com.br\/index.php?rest_route=\/wp\/v2\/posts"}],"about":[{"href":"https:\/\/diarioregionaldigital.com.br\/index.php?rest_route=\/wp\/v2\/types\/post"}],"author":[{"embeddable":true,"href":"https:\/\/diarioregionaldigital.com.br\/index.php?rest_route=\/wp\/v2\/users\/96"}],"replies":[{"embeddable":true,"href":"https:\/\/diarioregionaldigital.com.br\/index.php?rest_route=%2Fwp%2Fv2%2Fcomments&post=136661"}],"version-history":[{"count":0,"href":"https:\/\/diarioregionaldigital.com.br\/index.php?rest_route=\/wp\/v2\/posts\/136661\/revisions"}],"wp:featuredmedia":[{"embeddable":true,"href":"https:\/\/diarioregionaldigital.com.br\/index.php?rest_route=\/wp\/v2\/media\/136662"}],"wp:attachment":[{"href":"https:\/\/diarioregionaldigital.com.br\/index.php?rest_route=%2Fwp%2Fv2%2Fmedia&parent=136661"}],"wp:term":[{"taxonomy":"category","embeddable":true,"href":"https:\/\/diarioregionaldigital.com.br\/index.php?rest_route=%2Fwp%2Fv2%2Fcategories&post=136661"},{"taxonomy":"post_tag","embeddable":true,"href":"https:\/\/diarioregionaldigital.com.br\/index.php?rest_route=%2Fwp%2Fv2%2Ftags&post=136661"}],"curies":[{"name":"wp","href":"https:\/\/api.w.org\/{rel}","templated":true}]}}