{"id":136658,"date":"2019-03-25T11:15:31","date_gmt":"2019-03-25T14:15:31","guid":{"rendered":"https:\/\/diarioregionaldigital.com.br\/?p=136658"},"modified":"2019-03-25T11:15:31","modified_gmt":"2019-03-25T14:15:31","slug":"no-estadio-do-dragao-brasil-empatou-em-1-a-1-com-a-equipe-panamenha-com-gol-de-lucas-paqueta","status":"publish","type":"post","link":"https:\/\/diarioregionaldigital.com.br\/?p=136658","title":{"rendered":"No Est\u00e1dio do Drag\u00e3o, Brasil empatou em 1 a 1 com a equipe panamenha, com gol de Lucas Paquet\u00e1"},"content":{"rendered":"<p>No primeiro compromisso oficial de 2019, a Sele\u00e7\u00e3o Brasileira entrou em campo contra o Panam\u00e1 neste s\u00e1bado (23), e empatou em 1 a 1. O amistoso foi disputado no Est\u00e1dio do Drag\u00e3o, em Porto, Portugal, e Lucas Paquet\u00e1 foi quem balan\u00e7ou as redes para a Canarinho.<\/p>\n<p>O pr\u00f3ximo compromisso do Brasil ser\u00e1 na ter\u00e7a-feira (26), contra a Rep\u00fablica Tcheca. A partida amistosa ser\u00e1 disputada no \u00c9den Arena, em Praga, \u00e0s 16h45 (de Bras\u00edlia).<\/p>\n<p>O jogo<\/p>\n<p>O Brasil imp\u00f4s o ritmo diante do Panam\u00e1 nos primeiros minutos do amistoso disputado no Est\u00e1dio do Drag\u00e3o. Aos sete minutos, Philippe Coutinho Coutinho cobrou falta na \u00e1rea, mas viu o zagueiro Cummings afastar o perigo. Outro lance de perigo foi aos 17, quando Alex Telles levantou a bola da intermedi\u00e1ria, e Roberto Firmino testou com muito perigo, vendo a bola passar \u00e0 direita do goleiro Mej\u00eda. Na sequ\u00eancia, Coutinho cobrou falta na \u00e1rea, e Richarlison acabou desviando para fora. Em duas oportunidades, o volante Arthur tamb\u00e9m chegou perto de marcar. A Canarinho seguiu criando boas chances, at\u00e9 que, aos 31 minutos, Casemiro cruzou da direita, e Lucas Paquet\u00e1 apareceu na \u00e1rea para finalizar de canhota e fazer seu primeiro gol com a camisa da Sele\u00e7\u00e3o. O Panam\u00e1 conseguiu o empate aos 35, com Adolfo Machado.<\/p>\n<p>Na volta do intervalo, o Brasil marcou bem a sa\u00edda de bola do advers\u00e1rio e dominou o campo de ataque. Logo aos cinco minutos, Fagner cruzou, e Richarlison explodiu a bola no travess\u00e3o. Depois, Paquet\u00e1 recebeu de Casemiro e tamb\u00e9m finalizou com uma bomba, mas que foi para fora. Aos 24 minutos, Fagner passou para Richarlison pela direita, e o atacante se livrou de tr\u00eas marcadores e chutou rasteiro, mas a defesa afastou o perigo. Depois, Coutinho cobrou escanteio, e Casemiro subiu para acertar o poste de Mej\u00eda. Na jogada seguinte, o capit\u00e3o cobrou falta de longe e viu o defensor panamenho voar para fazer a defesa. A press\u00e3o brasileira seguiu at\u00e9 os minutos finais, mas o marcador n\u00e3o foi mais alterado.<\/p>\n<p>Brasil:\u00a0Ederson, Fagner, \u00c9der Milit\u00e3o, Miranda e Alex Telles; Arthur (Felipe Anderson), Casemiro e Lucas Paquet\u00e1 (\u00c9verton); Philippe Coutinho, Roberto Firmino (Gabriel Jesus) e Richarlison.<\/p>\n<p><strong>Fonte: CBF <\/strong><\/p>\n<p><strong>\u00a0<\/strong><\/p>\n","protected":false},"excerpt":{"rendered":"<p>No primeiro compromisso oficial de 2019, a Sele\u00e7\u00e3o Brasileira entrou em campo contra o Panam\u00e1 neste s\u00e1bado (23), e empatou em 1 a 1. O amistoso foi disputado no Est\u00e1dio do Drag\u00e3o, em Porto, Portugal, e Lucas Paquet\u00e1 foi quem balan\u00e7ou as redes para a Canarinho. O pr\u00f3ximo compromisso do Brasil ser\u00e1 na ter\u00e7a-feira (26), [&hellip;]<\/p>\n","protected":false},"author":96,"featured_media":136659,"comment_status":"closed","ping_status":"closed","sticky":false,"template":"","format":"standard","meta":{"footnotes":""},"categories":[257,439],"tags":[],"class_list":["post-136658","post","type-post","status-publish","format-standard","has-post-thumbnail","hentry","category-esporte","category-ultima-hora"],"_links":{"self":[{"href":"https:\/\/diarioregionaldigital.com.br\/index.php?rest_route=\/wp\/v2\/posts\/136658","targetHints":{"allow":["GET"]}}],"collection":[{"href":"https:\/\/diarioregionaldigital.com.br\/index.php?rest_route=\/wp\/v2\/posts"}],"about":[{"href":"https:\/\/diarioregionaldigital.com.br\/index.php?rest_route=\/wp\/v2\/types\/post"}],"author":[{"embeddable":true,"href":"https:\/\/diarioregionaldigital.com.br\/index.php?rest_route=\/wp\/v2\/users\/96"}],"replies":[{"embeddable":true,"href":"https:\/\/diarioregionaldigital.com.br\/index.php?rest_route=%2Fwp%2Fv2%2Fcomments&post=136658"}],"version-history":[{"count":0,"href":"https:\/\/diarioregionaldigital.com.br\/index.php?rest_route=\/wp\/v2\/posts\/136658\/revisions"}],"wp:featuredmedia":[{"embeddable":true,"href":"https:\/\/diarioregionaldigital.com.br\/index.php?rest_route=\/wp\/v2\/media\/136659"}],"wp:attachment":[{"href":"https:\/\/diarioregionaldigital.com.br\/index.php?rest_route=%2Fwp%2Fv2%2Fmedia&parent=136658"}],"wp:term":[{"taxonomy":"category","embeddable":true,"href":"https:\/\/diarioregionaldigital.com.br\/index.php?rest_route=%2Fwp%2Fv2%2Fcategories&post=136658"},{"taxonomy":"post_tag","embeddable":true,"href":"https:\/\/diarioregionaldigital.com.br\/index.php?rest_route=%2Fwp%2Fv2%2Ftags&post=136658"}],"curies":[{"name":"wp","href":"https:\/\/api.w.org\/{rel}","templated":true}]}}