{"id":136640,"date":"2019-03-25T00:24:16","date_gmt":"2019-03-25T03:24:16","guid":{"rendered":"https:\/\/diarioregionaldigital.com.br\/?p=136640"},"modified":"2019-03-25T00:24:16","modified_gmt":"2019-03-25T03:24:16","slug":"in-moda-7","status":"publish","type":"post","link":"https:\/\/diarioregionaldigital.com.br\/?p=136640","title":{"rendered":"IN MODA"},"content":{"rendered":"<p><span style=\"font-family: arial, helvetica, sans-serif;font-size: 12pt\">TRENDS: OUTONO INVERNO 2019<\/span><\/p>\n<p><span style=\"font-family: arial, helvetica, sans-serif;font-size: 12pt\">Com a chegada do outono os looks de meia esta\u00e7\u00e3o j\u00e1 come\u00e7am a fazer parte do nosso dia-a-dia e para isso n\u00f3s vamos te mostrar as principais apostas para o outono inverno de 2019.<\/span><\/p>\n<p><span style=\"font-family: arial, helvetica, sans-serif;font-size: 12pt\">TONS TERROSOS: Quando se fala em outono inverno logo se pensa em tons terrosos, e sim, eles continuar\u00e3o com tudo. Para sair do \u00f3bvio \u00e9 v\u00e1lido abusar de sobreposi\u00e7\u00f5es de tons ou at\u00e9 mesmo misturar com outras tend\u00eancias.<\/span><\/p>\n<p>&nbsp;<\/p>\n<p style=\"text-align: center\"><img loading=\"lazy\" decoding=\"async\" class=\"alignnone size-medium wp-image-136647\" src=\"https:\/\/diarioregionaldigital.com.br\/wp-content\/uploads\/2019\/03\/TONS-TERROSOS-1-240x300.jpg\" alt=\"\" width=\"240\" height=\"300\" srcset=\"https:\/\/diarioregionaldigital.com.br\/wp-content\/uploads\/2019\/03\/TONS-TERROSOS-1-240x300.jpg 240w, https:\/\/diarioregionaldigital.com.br\/wp-content\/uploads\/2019\/03\/TONS-TERROSOS-1-360x450.jpg 360w, https:\/\/diarioregionaldigital.com.br\/wp-content\/uploads\/2019\/03\/TONS-TERROSOS-1.jpg 736w\" sizes=\"auto, (max-width: 240px) 100vw, 240px\" \/><\/p>\n<p><span style=\"font-family: arial, helvetica, sans-serif;font-size: 12pt\">ANOS 80 E 90: Como vem acontecendo em outras esta\u00e7\u00f5es a moda vintage est\u00e1 com tudo, com refer\u00eancias nas modelagens avantajadas as pe\u00e7as tradicionais ganham cara nova, como a cal\u00e7a jeans na modelagem mom, ou o casaco com ombros um pouco mais estruturados.<\/span><\/p>\n<p>&nbsp;<\/p>\n<p style=\"text-align: center\"><img loading=\"lazy\" decoding=\"async\" class=\"alignnone size-medium wp-image-136648\" src=\"https:\/\/diarioregionaldigital.com.br\/wp-content\/uploads\/2019\/03\/ANOS-80-E-90-2-192x300.jpg\" alt=\"\" width=\"192\" height=\"300\" srcset=\"https:\/\/diarioregionaldigital.com.br\/wp-content\/uploads\/2019\/03\/ANOS-80-E-90-2-192x300.jpg 192w, https:\/\/diarioregionaldigital.com.br\/wp-content\/uploads\/2019\/03\/ANOS-80-E-90-2.jpg 657w, https:\/\/diarioregionaldigital.com.br\/wp-content\/uploads\/2019\/03\/ANOS-80-E-90-2-360x561.jpg 360w\" sizes=\"auto, (max-width: 192px) 100vw, 192px\" \/><\/p>\n<p><span style=\"font-family: arial, helvetica, sans-serif;font-size: 12pt\">NEWS<\/span><\/p>\n<p><span style=\"font-family: arial, helvetica, sans-serif;font-size: 12pt\">ZARA LAN\u00c7A SEU E-COMMERCE NO BRASIL<\/span><\/p>\n<p><span style=\"font-family: arial, helvetica, sans-serif;font-size: 12pt\">Para a alegria de muitos nesta quinta-feira (20\/03) a Zara lan\u00e7ou seu e-commerce no Brasil e agora \u00e9 poss\u00edvel comprar os produtos da marca online com entrega para todo o pais. Todas as linhas da loja est\u00e3o dispon\u00edveis no site, feminina, masculina e infantil.<\/span><\/p>\n<p><span style=\"font-family: arial, helvetica, sans-serif;font-size: 12pt\">CLICK IN MODA<\/span><\/p>\n<p><span style=\"font-family: arial, helvetica, sans-serif;font-size: 12pt\">Aninha Calixto \u00e9 o click da semana pelo olhar de Esther Tim\u00f3teo. A beleza \u00e9 assinada por Equipe Jael Pifano e o look Eva \u00e9 da Peiz\u00ea.<\/span><\/p>\n<p>&nbsp;<\/p>\n<p style=\"text-align: center\"><img loading=\"lazy\" decoding=\"async\" class=\"alignnone size-medium wp-image-136652\" src=\"https:\/\/diarioregionaldigital.com.br\/wp-content\/uploads\/2019\/03\/CLICK-IN-MODA-200x300.jpeg\" alt=\"\" width=\"200\" height=\"300\" srcset=\"https:\/\/diarioregionaldigital.com.br\/wp-content\/uploads\/2019\/03\/CLICK-IN-MODA-200x300.jpeg 200w, https:\/\/diarioregionaldigital.com.br\/wp-content\/uploads\/2019\/03\/CLICK-IN-MODA-768x1152.jpeg 768w, https:\/\/diarioregionaldigital.com.br\/wp-content\/uploads\/2019\/03\/CLICK-IN-MODA-683x1024.jpeg 683w, https:\/\/diarioregionaldigital.com.br\/wp-content\/uploads\/2019\/03\/CLICK-IN-MODA-360x540.jpeg 360w\" sizes=\"auto, (max-width: 200px) 100vw, 200px\" \/><\/p>\n<p><span style=\"font-family: arial, helvetica, sans-serif;font-size: 12pt\">OS ACESS\u00d3RIOS QUE V\u00c3O PIRAR SUA CABE\u00c7A<\/span><\/p>\n<p><span style=\"font-family: arial, helvetica, sans-serif;font-size: 12pt\">Muitas vezes no dia a dia n\u00e3o nos preocupamos com acess\u00f3rios para o cabelo, e muitas vezes isso acontece por falta de costume mas estes acess\u00f3rios podem ser os salvadores daqueles dias de bad hair.<\/span><\/p>\n<p><span style=\"font-family: arial, helvetica, sans-serif;font-size: 12pt\">Presilhas: Sim, elas voltaram com tudo! Usadas geralmente na lateral do cabelo trazem um charme a mais, tamb\u00e9m \u00e9 v\u00e1lido usar mais de uma e modelos diferentes, s\u00e3o \u00f3timas pra controlar aqueles fiozinhos mais rebeldes.<\/span><\/p>\n<p>&nbsp;<\/p>\n<p style=\"text-align: center\"><img loading=\"lazy\" decoding=\"async\" class=\"alignnone size-medium wp-image-136649\" src=\"https:\/\/diarioregionaldigital.com.br\/wp-content\/uploads\/2019\/03\/presilhas-1-201x300.jpg\" alt=\"\" width=\"201\" height=\"300\" srcset=\"https:\/\/diarioregionaldigital.com.br\/wp-content\/uploads\/2019\/03\/presilhas-1-201x300.jpg 201w, https:\/\/diarioregionaldigital.com.br\/wp-content\/uploads\/2019\/03\/presilhas-1-360x538.jpg 360w, https:\/\/diarioregionaldigital.com.br\/wp-content\/uploads\/2019\/03\/presilhas-1.jpg 602w\" sizes=\"auto, (max-width: 201px) 100vw, 201px\" \/><\/p>\n<p><span style=\"font-family: arial, helvetica, sans-serif;font-size: 12pt\">El\u00e1stico: O el\u00e1stico queridinho do momento, que tamb\u00e9m pode ser chamado scrunchie promete deixar qualquer coque ou rabo de cavalo super charmoso e descolado.<\/span><\/p>\n<p style=\"text-align: center\">\n<p style=\"text-align: center\"><img loading=\"lazy\" decoding=\"async\" class=\"alignnone size-medium wp-image-136650\" src=\"https:\/\/diarioregionaldigital.com.br\/wp-content\/uploads\/2019\/03\/EL\u00c1STICO-1-200x300.jpg\" alt=\"\" width=\"200\" height=\"300\" srcset=\"https:\/\/diarioregionaldigital.com.br\/wp-content\/uploads\/2019\/03\/EL\u00c1STICO-1-200x300.jpg 200w, https:\/\/diarioregionaldigital.com.br\/wp-content\/uploads\/2019\/03\/EL\u00c1STICO-1-360x540.jpg 360w, https:\/\/diarioregionaldigital.com.br\/wp-content\/uploads\/2019\/03\/EL\u00c1STICO-1.jpg 667w\" sizes=\"auto, (max-width: 200px) 100vw, 200px\" \/><\/p>\n<p><span style=\"font-family: arial, helvetica, sans-serif;font-size: 12pt\">Len\u00e7os: O acess\u00f3rio mais vers\u00e1til do mundo tamb\u00e9m fica \u00f3timo no cabelo. Pode ser usado de v\u00e1rias formas, seja como tiara ou at\u00e9 mesmo amarrando um coque. O segredo \u00e9 usar a criatividade e se divertir com os acess\u00f3rios.<\/span><\/p>\n<p>&nbsp;<\/p>\n<p style=\"text-align: center\"><img loading=\"lazy\" decoding=\"async\" class=\"alignnone size-medium wp-image-136646\" src=\"https:\/\/diarioregionaldigital.com.br\/wp-content\/uploads\/2019\/03\/LEN\u00c7OS-200x300.jpg\" alt=\"\" width=\"200\" height=\"300\" srcset=\"https:\/\/diarioregionaldigital.com.br\/wp-content\/uploads\/2019\/03\/LEN\u00c7OS-200x300.jpg 200w, https:\/\/diarioregionaldigital.com.br\/wp-content\/uploads\/2019\/03\/LEN\u00c7OS-683x1024.jpg 683w, https:\/\/diarioregionaldigital.com.br\/wp-content\/uploads\/2019\/03\/LEN\u00c7OS-360x540.jpg 360w, https:\/\/diarioregionaldigital.com.br\/wp-content\/uploads\/2019\/03\/LEN\u00c7OS.jpg 736w\" sizes=\"auto, (max-width: 200px) 100vw, 200px\" \/><\/p>\n<p><span style=\"font-family: arial, helvetica, sans-serif;font-size: 12pt\">COM QUE ROUPA?<\/span><\/p>\n<p><span style=\"font-family: arial, helvetica, sans-serif;font-size: 12pt\">Sempre que voc\u00ea \u00e9 convidada para algum evento, a primeira quest\u00e3o \u00e9 sempre essa: com que roupa eu vou? Pensando nisso, o \u201cCom que roupa?\u201d vai te dar as minhas dicas para facilitar sua vida na hora de escolher os looks para diversas ocasi\u00f5es, come\u00e7ando pelos casamentos de dia. O look \u00e9 da Vert Boutique. Olho nas dicas:<\/span><\/p>\n<p>&nbsp;<\/p>\n<p style=\"text-align: center\"><img loading=\"lazy\" decoding=\"async\" class=\"alignnone size-medium wp-image-136653\" src=\"https:\/\/diarioregionaldigital.com.br\/wp-content\/uploads\/2019\/03\/COM-QUE-ROUPA-225x300.jpg\" alt=\"\" width=\"225\" height=\"300\" srcset=\"https:\/\/diarioregionaldigital.com.br\/wp-content\/uploads\/2019\/03\/COM-QUE-ROUPA-225x300.jpg 225w, https:\/\/diarioregionaldigital.com.br\/wp-content\/uploads\/2019\/03\/COM-QUE-ROUPA-768x1024.jpg 768w, https:\/\/diarioregionaldigital.com.br\/wp-content\/uploads\/2019\/03\/COM-QUE-ROUPA-360x480.jpg 360w, https:\/\/diarioregionaldigital.com.br\/wp-content\/uploads\/2019\/03\/COM-QUE-ROUPA.jpg 960w\" sizes=\"auto, (max-width: 225px) 100vw, 225px\" \/><\/p>\n<p><span style=\"font-family: arial, helvetica, sans-serif;font-size: 12pt\">&#8211; Fa\u00e7a perguntas: aonde ser\u00e1 , que horas , o n\u00edvel de formalidade. As respostas ajudam na escolha do look .<\/span><\/p>\n<p><span style=\"font-family: arial, helvetica, sans-serif;font-size: 12pt\">&#8211; Casamentos s\u00e3o cerim\u00f4nias que podem variar no n\u00edvel de formalidade, mas continuam sendo um evento que requer um maior<\/span><\/p>\n<p><span style=\"font-family: arial, helvetica, sans-serif;font-size: 12pt\">cuidado ao escolher o look.<\/span><\/p>\n<p><span style=\"font-family: arial, helvetica, sans-serif;font-size: 12pt\">&#8211; O dress code sugerido, mesmo que n\u00e3o venha no convite, \u00e9 o traje passeio completo que \u00e9 composto por vestidos curtos ou longos, tecidos nobres e um n\u00edvel maior de formalidade. Macac\u00f5es e pantalonas podem ser op\u00e7\u00f5es interessantes. &#8211; A forma como voc\u00ea se veste \u00e9 tamb\u00e9m uma maneira de homenagear o anfitri\u00e3o. Mostre seu cuidado no capricho do look ! &#8211; O look deve combinar com o seu estilo, o estilo da festa, o hor\u00e1rio e o n\u00edvel de formalidade do evento.<\/span><\/p>\n<p><span style=\"font-family: arial, helvetica, sans-serif;font-size: 12pt\">&#8211; Casamentos que come\u00e7am \u00e0s 11 h costumam ser mais intimistas, e o principal cuidado \u00e9 n\u00e3o pesar na make.<\/span><\/p>\n<p><span style=\"font-family: arial, helvetica, sans-serif;font-size: 12pt\">&#8211; Casamentos no in\u00edcio da tarde : ir prevenida para o anoitecer, echarpes e xales podem ser necess\u00e1rias. Mangas longas podem deixar o look mais refinado .<\/span><\/p>\n<p><span style=\"font-family: arial, helvetica, sans-serif;font-size: 12pt\">&#8211; Cuidado com o excesso de pele \u00e0 mostra, transpar\u00eancias, decotes muito pronunciados e roupas justas e curtas demais . Casamento n\u00e3o \u00e9 balada! &#8211; Deixe o branco para a noiva e o pretinho b\u00e1sico pode ser usado em outras ocasi\u00f5es . Tons mais claros como os tons pastel s\u00e3o apostas certeiras, mas cores vibrantes tamb\u00e9m t\u00eam vez !<\/span><\/p>\n<p><span style=\"font-family: arial, helvetica, sans-serif;font-size: 12pt\">&#8211; Estampas s\u00e3o bem-vindas!<\/span><\/p>\n<p><span style=\"font-family: arial, helvetica, sans-serif;font-size: 12pt\">&#8211; D\u00ea prioridade para tecidos mais finos como o shantung, seda , cetim , crepe, renda<\/span><\/p>\n<p><span style=\"font-family: arial, helvetica, sans-serif;font-size: 12pt\">-Aposte no tule e evite a malha.<\/span><\/p>\n<p><span style=\"font-family: arial, helvetica, sans-serif;font-size: 12pt\">&#8211; Brilho de dia n\u00e3o \u00e9 proibido , mas pede modera\u00e7\u00e3o.<\/span><\/p>\n<p><span style=\"font-family: arial, helvetica, sans-serif;font-size: 12pt\">&#8211; Lembre-se de n\u00e3o se esquecer : vista o que te faz bem acima de tudo!<\/span><\/p>\n<p style=\"text-align: right\">Colaboradoras:<\/p>\n<p style=\"text-align: right\">Deusiane Ladeira<\/p>\n<p style=\"text-align: right\">Izabella Assis<\/p>\n<p style=\"text-align: right\">Mariana Matos<\/p>\n","protected":false},"excerpt":{"rendered":"<p>TRENDS: OUTONO INVERNO 2019 Com a chegada do outono os looks de meia esta\u00e7\u00e3o j\u00e1 come\u00e7am a fazer parte do nosso dia-a-dia e para isso n\u00f3s vamos te mostrar as principais apostas para o outono inverno de 2019. TONS TERROSOS: Quando se fala em outono inverno logo se pensa em tons terrosos, e sim, eles [&hellip;]<\/p>\n","protected":false},"author":96,"featured_media":0,"comment_status":"closed","ping_status":"closed","sticky":false,"template":"","format":"standard","meta":{"footnotes":""},"categories":[285],"tags":[],"class_list":["post-136640","post","type-post","status-publish","format-standard","hentry","category-moda-ana-paula-calixto"],"_links":{"self":[{"href":"https:\/\/diarioregionaldigital.com.br\/index.php?rest_route=\/wp\/v2\/posts\/136640","targetHints":{"allow":["GET"]}}],"collection":[{"href":"https:\/\/diarioregionaldigital.com.br\/index.php?rest_route=\/wp\/v2\/posts"}],"about":[{"href":"https:\/\/diarioregionaldigital.com.br\/index.php?rest_route=\/wp\/v2\/types\/post"}],"author":[{"embeddable":true,"href":"https:\/\/diarioregionaldigital.com.br\/index.php?rest_route=\/wp\/v2\/users\/96"}],"replies":[{"embeddable":true,"href":"https:\/\/diarioregionaldigital.com.br\/index.php?rest_route=%2Fwp%2Fv2%2Fcomments&post=136640"}],"version-history":[{"count":0,"href":"https:\/\/diarioregionaldigital.com.br\/index.php?rest_route=\/wp\/v2\/posts\/136640\/revisions"}],"wp:attachment":[{"href":"https:\/\/diarioregionaldigital.com.br\/index.php?rest_route=%2Fwp%2Fv2%2Fmedia&parent=136640"}],"wp:term":[{"taxonomy":"category","embeddable":true,"href":"https:\/\/diarioregionaldigital.com.br\/index.php?rest_route=%2Fwp%2Fv2%2Fcategories&post=136640"},{"taxonomy":"post_tag","embeddable":true,"href":"https:\/\/diarioregionaldigital.com.br\/index.php?rest_route=%2Fwp%2Fv2%2Ftags&post=136640"}],"curies":[{"name":"wp","href":"https:\/\/api.w.org\/{rel}","templated":true}]}}