{"id":136519,"date":"2019-03-22T06:00:07","date_gmt":"2019-03-22T09:00:07","guid":{"rendered":"https:\/\/diarioregionaldigital.com.br\/?p=136519"},"modified":"2019-03-22T04:34:41","modified_gmt":"2019-03-22T07:34:41","slug":"prefeitura-minicipal-de-tocantins-errata-licitacao-no020-22-03-19","status":"publish","type":"post","link":"https:\/\/diarioregionaldigital.com.br\/?p=136519","title":{"rendered":"Prefeitura Minicipal de Tocantins &#8211; Errata &#8211; Licita\u00e7\u00e3o n\u00ba020 &#8211; 22-03-19"},"content":{"rendered":"<p style=\"text-align: center;\"><strong>PREFEITURA MUNICIPAL DE TOCANTINS &#8211;\u00a0<\/strong><strong>ERRATA<\/strong><\/p>\n<p style=\"text-align: center;\"><strong>ALTERA\u00c7\u00c3O DO EDITAL E REDESIGNA\u00c7\u00c3O DE<\/strong><\/p>\n<p style=\"text-align: center;\"><strong>LICITA\u00c7\u00c3O N\u00ba 020\/2019<\/strong><\/p>\n<p style=\"text-align: center;\"><strong>Modalidade de Preg\u00e3o n\u00b0 017\/2019<\/strong><\/p>\n<p style=\"text-align: center;\">O Munic\u00edpio de TOCANTINS, na forma da lei, faz saber a todos os interessados que,\u00a0<strong>fez altera\u00e7\u00f5es no termo de refer\u00eancia do edital\u00a0<\/strong>e resolveu REDESIGNAR A DATA do preg\u00e3o presencial, cujo\u00a0o objeto principal fornecimento de materiais do tipo higiene pessoal, fraldas, leite e cereais para o abrigo municipal.<strong>REDESIGNADA A\u00a0DATA DA LICITA\u00c7\u00c3O PARA O\u00a0<\/strong><strong>DIA 09\/04\/2019 \u00e0s 08:30 horas<\/strong>\u00a0na sala da comiss\u00e3o de licita\u00e7\u00e3o, localizada na Av. Padre Mac\u00e1rio, n\u00b0 129, bairro Centro, munic\u00edpio de TOCANTINS. O edital e seus anexos, encontram-se a disposi\u00e7\u00e3o dos interessados no endere\u00e7o citado anteriormente, no hor\u00e1rio de expediente de 08:00 \u00e0s 11:00 e de 13:00 \u00e0s 16:00 hrs. TOCANTINS\/MG, 21 de mar\u00e7o de 2019<\/p>\n<p style=\"text-align: center;\">\u00a0_______________________________________<\/p>\n<p style=\"text-align: center;\"><strong>LUIZ FERNANDO BARBOSA DA SILVA<\/strong><\/p>\n<p style=\"text-align: center;\"><strong>PREGOEIRO<\/strong><\/p>\n","protected":false},"excerpt":{"rendered":"<p>PREFEITURA MUNICIPAL DE TOCANTINS &#8211;\u00a0ERRATA ALTERA\u00c7\u00c3O DO EDITAL E REDESIGNA\u00c7\u00c3O DE LICITA\u00c7\u00c3O N\u00ba 020\/2019 Modalidade de Preg\u00e3o n\u00b0 017\/2019 O Munic\u00edpio de TOCANTINS, na forma da lei, faz saber a todos os interessados que,\u00a0fez altera\u00e7\u00f5es no termo de refer\u00eancia do edital\u00a0e resolveu REDESIGNAR A DATA do preg\u00e3o presencial, cujo\u00a0o objeto principal fornecimento de materiais do [&hellip;]<\/p>\n","protected":false},"author":96,"featured_media":0,"comment_status":"closed","ping_status":"closed","sticky":false,"template":"","format":"standard","meta":{"footnotes":""},"categories":[307],"tags":[],"class_list":["post-136519","post","type-post","status-publish","format-standard","hentry","category-editais"],"_links":{"self":[{"href":"https:\/\/diarioregionaldigital.com.br\/index.php?rest_route=\/wp\/v2\/posts\/136519","targetHints":{"allow":["GET"]}}],"collection":[{"href":"https:\/\/diarioregionaldigital.com.br\/index.php?rest_route=\/wp\/v2\/posts"}],"about":[{"href":"https:\/\/diarioregionaldigital.com.br\/index.php?rest_route=\/wp\/v2\/types\/post"}],"author":[{"embeddable":true,"href":"https:\/\/diarioregionaldigital.com.br\/index.php?rest_route=\/wp\/v2\/users\/96"}],"replies":[{"embeddable":true,"href":"https:\/\/diarioregionaldigital.com.br\/index.php?rest_route=%2Fwp%2Fv2%2Fcomments&post=136519"}],"version-history":[{"count":0,"href":"https:\/\/diarioregionaldigital.com.br\/index.php?rest_route=\/wp\/v2\/posts\/136519\/revisions"}],"wp:attachment":[{"href":"https:\/\/diarioregionaldigital.com.br\/index.php?rest_route=%2Fwp%2Fv2%2Fmedia&parent=136519"}],"wp:term":[{"taxonomy":"category","embeddable":true,"href":"https:\/\/diarioregionaldigital.com.br\/index.php?rest_route=%2Fwp%2Fv2%2Fcategories&post=136519"},{"taxonomy":"post_tag","embeddable":true,"href":"https:\/\/diarioregionaldigital.com.br\/index.php?rest_route=%2Fwp%2Fv2%2Ftags&post=136519"}],"curies":[{"name":"wp","href":"https:\/\/api.w.org\/{rel}","templated":true}]}}