{"id":136511,"date":"2019-03-22T06:00:57","date_gmt":"2019-03-22T09:00:57","guid":{"rendered":"https:\/\/diarioregionaldigital.com.br\/?p=136511"},"modified":"2019-03-22T04:27:44","modified_gmt":"2019-03-22T07:27:44","slug":"multsaude-beneficios-social","status":"publish","type":"post","link":"https:\/\/diarioregionaldigital.com.br\/?p=136511","title":{"rendered":"MultSa\u00fade Benef\u00edcios- Social"},"content":{"rendered":"<p style=\"text-align: center;\"><strong>J\u00falia Horta<\/strong><\/p>\n<p style=\"text-align: center;\">A bel\u00edssima juiz-forana eleita Miss Brasil Emotion 2019 J\u00falia Horta ser\u00e1 homenageada na 6\u00aa feira, 22, \u00e0s 14h30, na C\u00e2mara Municipal de Juiz de Fora e dar\u00e1 coletiva para a imprensa. \u00c0s 16h, ela desfilar\u00e1 no carro do Corpo de Bombeiros em carreata para receber os aplausos de toda a cidade.<\/p>\n<p style=\"text-align: center;\"><strong>Persist\u00eancia<\/strong><\/p>\n<p style=\"text-align: center;\">Mesmo em meio a muito preconceito, a campe\u00e3 de poker por 34 vezes e empres\u00e1ria M\u00e1rcia Machado prova o que algumas pessoas ainda n\u00e3o querem aceitar: as mulheres podem e devem sair das arquiteturas para conquistar espa\u00e7o em diversos esportes. Ela acredita que a persist\u00eancia \u00e9 uma poderosa arma contra o machismo.<\/p>\n<p style=\"text-align: center;\"><strong>By Candy<\/strong><\/p>\n<p style=\"text-align: center;\">Agendado para o dia 27 de mar\u00e7o, o maravilhoso Encontro de Noivas \u201cMundo Noiva by Candy\u201d, no Mister Shopping 2\u00ba piso. A partir das 19h, as anfriti\u00e3s Nayara Neto e Nayane Neto estar\u00e3o reunidas numa noite de bate papo, mostra de produtos, dicas e tend\u00eancia. O time est\u00e1 completo com os melhores fornecedores de casamentos e festas. Vai arrasar!<\/p>\n<p style=\"text-align: center;\"><strong>Fotos e Flashes<\/strong><\/p>\n<p style=\"text-align: center;\">O sagu\u00e3o da Reitoria da UFJF recebeu um bom p\u00fablico para o lan\u00e7amento da exposi\u00e7\u00e3o \u201cAs Margens\u201d com 46 fotos que retratam os desastres das barragens de Mariana e Brumadinho assinadas pela fot\u00f3grafa Maria Ot\u00e1via Rezende.<\/p>\n<p style=\"text-align: center;\"><span style=\"font-size: 14pt;\"><strong>MultSa\u00fade Benef\u00edcios- Social<\/strong><\/span><\/p>\n<p style=\"text-align: center;\">A empresa mineira, com sede em Juiz de Fora, MultSa\u00fade Benef\u00edcios realizou neste \u00faltimo fim de semana sua 1\u00aa Conven\u00e7\u00e3o de Franquias. Foram tr\u00eas dias de evento, que contemplou uma verdadeira ciranda corporativa, al\u00e9m de momentos de descontra\u00e7\u00e3o e divers\u00e3o. A empresa apresentou seus novos produtos, que contam com a chancela de marcas como Liberty Seguros e INPAO Dental, al\u00e9m de comemorar a marca das dez primeiras unidades franqueadas. O evento aconteceu no Resort Aldeia das \u00c1guas, em Barra do Pira\u00ed\/RJ, e foi um sucesso confirmado e aplaudido por quem l\u00e1 passou. Parab\u00e9ns. As fotos de Rafael Rodrigues destacam presen\u00e7as no evento.<\/p>\n<div id=\"attachment_136443\" style=\"width: 690px\" class=\"wp-caption aligncenter\"><img loading=\"lazy\" decoding=\"async\" aria-describedby=\"caption-attachment-136443\" class=\"wp-image-136443\" src=\"https:\/\/diarioregionaldigital.com.br\/wp-content\/uploads\/2019\/03\/fotoa-5.jpg\" alt=\"\" width=\"680\" height=\"501\" srcset=\"https:\/\/diarioregionaldigital.com.br\/wp-content\/uploads\/2019\/03\/fotoa-5.jpg 1578w, https:\/\/diarioregionaldigital.com.br\/wp-content\/uploads\/2019\/03\/fotoa-5-300x221.jpg 300w, https:\/\/diarioregionaldigital.com.br\/wp-content\/uploads\/2019\/03\/fotoa-5-768x566.jpg 768w, https:\/\/diarioregionaldigital.com.br\/wp-content\/uploads\/2019\/03\/fotoa-5-1024x754.jpg 1024w, https:\/\/diarioregionaldigital.com.br\/wp-content\/uploads\/2019\/03\/fotoa-5-360x265.jpg 360w\" sizes=\"auto, (max-width: 680px) 100vw, 680px\" \/><p id=\"caption-attachment-136443\" class=\"wp-caption-text\">A empres\u00e1ria Marcelle Oliveira<\/p><\/div>\n<div id=\"attachment_136444\" style=\"width: 690px\" class=\"wp-caption aligncenter\"><img loading=\"lazy\" decoding=\"async\" aria-describedby=\"caption-attachment-136444\" class=\"wp-image-136444\" src=\"https:\/\/diarioregionaldigital.com.br\/wp-content\/uploads\/2019\/03\/fotoaa-5-e1553239108247.jpg\" alt=\"\" width=\"680\" height=\"524\" srcset=\"https:\/\/diarioregionaldigital.com.br\/wp-content\/uploads\/2019\/03\/fotoaa-5-e1553239108247.jpg 712w, https:\/\/diarioregionaldigital.com.br\/wp-content\/uploads\/2019\/03\/fotoaa-5-e1553239108247-300x231.jpg 300w, https:\/\/diarioregionaldigital.com.br\/wp-content\/uploads\/2019\/03\/fotoaa-5-e1553239108247-360x278.jpg 360w\" sizes=\"auto, (max-width: 680px) 100vw, 680px\" \/><p id=\"caption-attachment-136444\" class=\"wp-caption-text\">Malena Almeida e Bruno Oliveira, gestor da Project<\/p><\/div>\n<div id=\"attachment_136445\" style=\"width: 690px\" class=\"wp-caption aligncenter\"><img loading=\"lazy\" decoding=\"async\" aria-describedby=\"caption-attachment-136445\" class=\"wp-image-136445\" src=\"https:\/\/diarioregionaldigital.com.br\/wp-content\/uploads\/2019\/03\/fotob-6-e1553239133824.jpg\" alt=\"\" width=\"680\" height=\"522\" srcset=\"https:\/\/diarioregionaldigital.com.br\/wp-content\/uploads\/2019\/03\/fotob-6-e1553239133824.jpg 1172w, https:\/\/diarioregionaldigital.com.br\/wp-content\/uploads\/2019\/03\/fotob-6-e1553239133824-300x230.jpg 300w, https:\/\/diarioregionaldigital.com.br\/wp-content\/uploads\/2019\/03\/fotob-6-e1553239133824-768x589.jpg 768w, https:\/\/diarioregionaldigital.com.br\/wp-content\/uploads\/2019\/03\/fotob-6-e1553239133824-1024x785.jpg 1024w, https:\/\/diarioregionaldigital.com.br\/wp-content\/uploads\/2019\/03\/fotob-6-e1553239133824-360x276.jpg 360w\" sizes=\"auto, (max-width: 680px) 100vw, 680px\" \/><p id=\"caption-attachment-136445\" class=\"wp-caption-text\">Os propriet\u00e1rios da MultSa\u00fade Benef\u00edcios, Marcelle Oliveira e F\u00e1bio Ramos<\/p><\/div>\n<div id=\"attachment_136446\" style=\"width: 690px\" class=\"wp-caption aligncenter\"><img loading=\"lazy\" decoding=\"async\" aria-describedby=\"caption-attachment-136446\" class=\"wp-image-136446\" src=\"https:\/\/diarioregionaldigital.com.br\/wp-content\/uploads\/2019\/03\/fotoc-7-e1553239154288.jpg\" alt=\"\" width=\"680\" height=\"463\" srcset=\"https:\/\/diarioregionaldigital.com.br\/wp-content\/uploads\/2019\/03\/fotoc-7-e1553239154288.jpg 1173w, https:\/\/diarioregionaldigital.com.br\/wp-content\/uploads\/2019\/03\/fotoc-7-e1553239154288-300x204.jpg 300w, https:\/\/diarioregionaldigital.com.br\/wp-content\/uploads\/2019\/03\/fotoc-7-e1553239154288-768x523.jpg 768w, https:\/\/diarioregionaldigital.com.br\/wp-content\/uploads\/2019\/03\/fotoc-7-e1553239154288-1024x698.jpg 1024w, https:\/\/diarioregionaldigital.com.br\/wp-content\/uploads\/2019\/03\/fotoc-7-e1553239154288-360x245.jpg 360w\" sizes=\"auto, (max-width: 680px) 100vw, 680px\" \/><p id=\"caption-attachment-136446\" class=\"wp-caption-text\">F\u00e1bio Ramos, M\u00e1rcio e Daniellle Sousa (Mar de Espanha) e Marcelle Oliveira<\/p><\/div>\n<div id=\"attachment_136447\" style=\"width: 690px\" class=\"wp-caption aligncenter\"><img loading=\"lazy\" decoding=\"async\" aria-describedby=\"caption-attachment-136447\" class=\"wp-image-136447\" src=\"https:\/\/diarioregionaldigital.com.br\/wp-content\/uploads\/2019\/03\/fotod-8-e1553239178878.jpg\" alt=\"\" width=\"680\" height=\"517\" srcset=\"https:\/\/diarioregionaldigital.com.br\/wp-content\/uploads\/2019\/03\/fotod-8-e1553239178878.jpg 1181w, https:\/\/diarioregionaldigital.com.br\/wp-content\/uploads\/2019\/03\/fotod-8-e1553239178878-300x228.jpg 300w, https:\/\/diarioregionaldigital.com.br\/wp-content\/uploads\/2019\/03\/fotod-8-e1553239178878-768x584.jpg 768w, https:\/\/diarioregionaldigital.com.br\/wp-content\/uploads\/2019\/03\/fotod-8-e1553239178878-1024x779.jpg 1024w, https:\/\/diarioregionaldigital.com.br\/wp-content\/uploads\/2019\/03\/fotod-8-e1553239178878-360x274.jpg 360w\" sizes=\"auto, (max-width: 680px) 100vw, 680px\" \/><p id=\"caption-attachment-136447\" class=\"wp-caption-text\">Marcelle Oliveira e Alberto Portugal (Valen\u00e7a\/RJ)<\/p><\/div>\n<div id=\"attachment_136448\" style=\"width: 690px\" class=\"wp-caption aligncenter\"><img loading=\"lazy\" decoding=\"async\" aria-describedby=\"caption-attachment-136448\" class=\"wp-image-136448\" src=\"https:\/\/diarioregionaldigital.com.br\/wp-content\/uploads\/2019\/03\/fotoe-8-e1553239201401.jpg\" alt=\"\" width=\"680\" height=\"527\" srcset=\"https:\/\/diarioregionaldigital.com.br\/wp-content\/uploads\/2019\/03\/fotoe-8-e1553239201401.jpg 1159w, https:\/\/diarioregionaldigital.com.br\/wp-content\/uploads\/2019\/03\/fotoe-8-e1553239201401-300x232.jpg 300w, https:\/\/diarioregionaldigital.com.br\/wp-content\/uploads\/2019\/03\/fotoe-8-e1553239201401-768x595.jpg 768w, https:\/\/diarioregionaldigital.com.br\/wp-content\/uploads\/2019\/03\/fotoe-8-e1553239201401-1024x793.jpg 1024w, https:\/\/diarioregionaldigital.com.br\/wp-content\/uploads\/2019\/03\/fotoe-8-e1553239201401-360x279.jpg 360w\" sizes=\"auto, (max-width: 680px) 100vw, 680px\" \/><p id=\"caption-attachment-136448\" class=\"wp-caption-text\">O ator Geraldo Nascimento encerrando com o tema \u201cOs sonhos nunca morrem\u201d<\/p><\/div>\n<div id=\"attachment_136449\" style=\"width: 690px\" class=\"wp-caption aligncenter\"><img loading=\"lazy\" decoding=\"async\" aria-describedby=\"caption-attachment-136449\" class=\"wp-image-136449\" src=\"https:\/\/diarioregionaldigital.com.br\/wp-content\/uploads\/2019\/03\/fotof-5.jpg\" alt=\"\" width=\"680\" height=\"510\" srcset=\"https:\/\/diarioregionaldigital.com.br\/wp-content\/uploads\/2019\/03\/fotof-5.jpg 960w, https:\/\/diarioregionaldigital.com.br\/wp-content\/uploads\/2019\/03\/fotof-5-300x225.jpg 300w, https:\/\/diarioregionaldigital.com.br\/wp-content\/uploads\/2019\/03\/fotof-5-768x576.jpg 768w, https:\/\/diarioregionaldigital.com.br\/wp-content\/uploads\/2019\/03\/fotof-5-360x270.jpg 360w\" sizes=\"auto, (max-width: 680px) 100vw, 680px\" \/><p id=\"caption-attachment-136449\" class=\"wp-caption-text\">Marcelle Oliveira, Danielle Souza, Elaine Martins, D\u00e9bora Mattos e Malena Almeida<\/p><\/div>\n<div id=\"attachment_136450\" style=\"width: 690px\" class=\"wp-caption aligncenter\"><img loading=\"lazy\" decoding=\"async\" aria-describedby=\"caption-attachment-136450\" class=\"wp-image-136450\" src=\"https:\/\/diarioregionaldigital.com.br\/wp-content\/uploads\/2019\/03\/fotog-7-e1553239232431.jpg\" alt=\"\" width=\"680\" height=\"464\" srcset=\"https:\/\/diarioregionaldigital.com.br\/wp-content\/uploads\/2019\/03\/fotog-7-e1553239232431.jpg 952w, https:\/\/diarioregionaldigital.com.br\/wp-content\/uploads\/2019\/03\/fotog-7-e1553239232431-300x205.jpg 300w, https:\/\/diarioregionaldigital.com.br\/wp-content\/uploads\/2019\/03\/fotog-7-e1553239232431-768x524.jpg 768w, https:\/\/diarioregionaldigital.com.br\/wp-content\/uploads\/2019\/03\/fotog-7-e1553239232431-360x246.jpg 360w\" sizes=\"auto, (max-width: 680px) 100vw, 680px\" \/><p id=\"caption-attachment-136450\" class=\"wp-caption-text\">Hideraldo Knepp (HF-Side) e William (Liberty Seguros) Marcelle Oliveira<\/p><\/div>\n<div id=\"attachment_136451\" style=\"width: 690px\" class=\"wp-caption aligncenter\"><img loading=\"lazy\" decoding=\"async\" aria-describedby=\"caption-attachment-136451\" class=\"wp-image-136451\" src=\"https:\/\/diarioregionaldigital.com.br\/wp-content\/uploads\/2019\/03\/fotoh-6-e1553239255477.jpg\" alt=\"\" width=\"680\" height=\"497\" srcset=\"https:\/\/diarioregionaldigital.com.br\/wp-content\/uploads\/2019\/03\/fotoh-6-e1553239255477.jpg 957w, https:\/\/diarioregionaldigital.com.br\/wp-content\/uploads\/2019\/03\/fotoh-6-e1553239255477-300x219.jpg 300w, https:\/\/diarioregionaldigital.com.br\/wp-content\/uploads\/2019\/03\/fotoh-6-e1553239255477-768x562.jpg 768w, https:\/\/diarioregionaldigital.com.br\/wp-content\/uploads\/2019\/03\/fotoh-6-e1553239255477-360x263.jpg 360w\" sizes=\"auto, (max-width: 680px) 100vw, 680px\" \/><p id=\"caption-attachment-136451\" class=\"wp-caption-text\">Marcelle Oliveira ladeada das gestores do INPAO Dental, Sheila e M\u00e1rcia<\/p><\/div>\n<div id=\"attachment_136452\" style=\"width: 690px\" class=\"wp-caption aligncenter\"><img loading=\"lazy\" decoding=\"async\" aria-describedby=\"caption-attachment-136452\" class=\"wp-image-136452\" src=\"https:\/\/diarioregionaldigital.com.br\/wp-content\/uploads\/2019\/03\/fotoi-5.jpg\" alt=\"\" width=\"680\" height=\"453\" srcset=\"https:\/\/diarioregionaldigital.com.br\/wp-content\/uploads\/2019\/03\/fotoi-5.jpg 1764w, https:\/\/diarioregionaldigital.com.br\/wp-content\/uploads\/2019\/03\/fotoi-5-300x200.jpg 300w, https:\/\/diarioregionaldigital.com.br\/wp-content\/uploads\/2019\/03\/fotoi-5-768x512.jpg 768w, https:\/\/diarioregionaldigital.com.br\/wp-content\/uploads\/2019\/03\/fotoi-5-1024x683.jpg 1024w, https:\/\/diarioregionaldigital.com.br\/wp-content\/uploads\/2019\/03\/fotoi-5-360x240.jpg 360w\" sizes=\"auto, (max-width: 680px) 100vw, 680px\" \/><p id=\"caption-attachment-136452\" class=\"wp-caption-text\">Marcelle Oliveira, Vin\u00edcius Menezes, Jo\u00e3o Caram e Franklin Cruz (S\u00e3o Jo\u00e3o do Meriti &#8211; RJ)<\/p><\/div>\n<div id=\"attachment_136453\" style=\"width: 690px\" class=\"wp-caption aligncenter\"><img loading=\"lazy\" decoding=\"async\" aria-describedby=\"caption-attachment-136453\" class=\"wp-image-136453\" src=\"https:\/\/diarioregionaldigital.com.br\/wp-content\/uploads\/2019\/03\/fotoj-5.jpg\" alt=\"\" width=\"680\" height=\"451\" srcset=\"https:\/\/diarioregionaldigital.com.br\/wp-content\/uploads\/2019\/03\/fotoj-5.jpg 1764w, https:\/\/diarioregionaldigital.com.br\/wp-content\/uploads\/2019\/03\/fotoj-5-300x199.jpg 300w, https:\/\/diarioregionaldigital.com.br\/wp-content\/uploads\/2019\/03\/fotoj-5-768x509.jpg 768w, https:\/\/diarioregionaldigital.com.br\/wp-content\/uploads\/2019\/03\/fotoj-5-1024x679.jpg 1024w, https:\/\/diarioregionaldigital.com.br\/wp-content\/uploads\/2019\/03\/fotoj-5-360x239.jpg 360w\" sizes=\"auto, (max-width: 680px) 100vw, 680px\" \/><p id=\"caption-attachment-136453\" class=\"wp-caption-text\">F\u00e1bio Ramos, Marcelle Oliveira, Vin\u00edcus Menezes, Jo\u00e3o Caram, Elaine Martins (RJ) e Luiz Ot\u00e1vio (RJ)<\/p><\/div>\n<div id=\"attachment_136455\" style=\"width: 690px\" class=\"wp-caption aligncenter\"><img loading=\"lazy\" decoding=\"async\" aria-describedby=\"caption-attachment-136455\" class=\"wp-image-136455\" src=\"https:\/\/diarioregionaldigital.com.br\/wp-content\/uploads\/2019\/03\/fotoll-e1553239289198.jpg\" alt=\"\" width=\"680\" height=\"462\" srcset=\"https:\/\/diarioregionaldigital.com.br\/wp-content\/uploads\/2019\/03\/fotoll-e1553239289198.jpg 957w, https:\/\/diarioregionaldigital.com.br\/wp-content\/uploads\/2019\/03\/fotoll-e1553239289198-300x204.jpg 300w, https:\/\/diarioregionaldigital.com.br\/wp-content\/uploads\/2019\/03\/fotoll-e1553239289198-768x522.jpg 768w, https:\/\/diarioregionaldigital.com.br\/wp-content\/uploads\/2019\/03\/fotoll-e1553239289198-360x245.jpg 360w\" sizes=\"auto, (max-width: 680px) 100vw, 680px\" \/><p id=\"caption-attachment-136455\" class=\"wp-caption-text\">O Gran Finale com a palestra de Waldyr Laguna<\/p><\/div>\n<div id=\"attachment_136456\" style=\"width: 690px\" class=\"wp-caption aligncenter\"><img loading=\"lazy\" decoding=\"async\" aria-describedby=\"caption-attachment-136456\" class=\"wp-image-136456\" src=\"https:\/\/diarioregionaldigital.com.br\/wp-content\/uploads\/2019\/03\/fotom-2.jpg\" alt=\"\" width=\"680\" height=\"455\" srcset=\"https:\/\/diarioregionaldigital.com.br\/wp-content\/uploads\/2019\/03\/fotom-2.jpg 1758w, https:\/\/diarioregionaldigital.com.br\/wp-content\/uploads\/2019\/03\/fotom-2-300x201.jpg 300w, https:\/\/diarioregionaldigital.com.br\/wp-content\/uploads\/2019\/03\/fotom-2-768x514.jpg 768w, https:\/\/diarioregionaldigital.com.br\/wp-content\/uploads\/2019\/03\/fotom-2-1024x685.jpg 1024w, https:\/\/diarioregionaldigital.com.br\/wp-content\/uploads\/2019\/03\/fotom-2-360x241.jpg 360w\" sizes=\"auto, (max-width: 680px) 100vw, 680px\" \/><p id=\"caption-attachment-136456\" class=\"wp-caption-text\">Marcelle Oliveira e o alto astral da festa de encerramento<\/p><\/div>\n<p style=\"text-align: center;\"><strong>FOTOSS\u00cdNTESE<\/strong><\/p>\n<p>Muitos nomes not\u00edcia marcaram presen\u00e7a na abertura da temporada de baladas do Privil\u00e8ge. Por l\u00e1, Erika Rocha Calixto e Z\u00e9 Ito Calixto, Fabiana Ballesteros, Cl\u00e1udia Torga, Paloma Matheus e Bruno Mauad, Beth Mauad, Luis Duque, Fabiana Mendes, Celinho Vidal, Leandro Calixto, Helenise Machado, Marcelo Amoroso, Guilherme Sch\u00f6der, Raphael Paradella, Yuri Girardi, Ana Carla Freitas e J\u00e9ssica Marisol.<\/p>\n<p>Para combater a flacidez o Vanit\u00e9 Studio de Beleza j\u00e1 est\u00e1 operando em Juiz de Fora com o m\u00e9todo Flaci-lo.Pilotado pela fisioterapeuta Thais Belcavello, o \u201ctratamento melhora e ou elimina o aspecto de pele ca\u00edda.\u201d<\/p>\n<p>Maria Goulart, Ezio Cunha, Maristela Uchoa, Neide Fragata, Marcelo Vieira, Guilherme de Paula e Cris Mello estavam na plateia do show do violinista Luiz Leite no MAMM. Fazendo lan\u00e7amento do terceiro CD autoral \u201cVento Sul\u201d, contou com a participa\u00e7\u00e3o de Mario Sanchez.<\/p>\n<p>Antenada e de apurad\u00edssimo bom gosto, Maruska Grassano esteve em Trancoso levando sua moda Peregrina divulgando sua marca de roupa \u00e9tnicas no ver\u00e3o baiano.<br \/>\nAssumindo a assessoria do deputado Lafayette Andrada, a competente jornalista Michele Ara\u00fajo.<\/p>\n<p>O Moinho Center JK, mega empreendimento de Marcelo Machado e Marcelo Mendon\u00e7a, ser\u00e1 inaugurado em outubro na Zona Norte.<\/p>\n<p>Escritora e jornalista Beatriz (Tot\u00f3) Coelho Silva lan\u00e7ou em noite concorrida seu livro \u201cNegros e Judeus na Pra\u00e7a Onze\u201d, no Excalibur.<\/p>\n<p>Myrliane Le\u00e3o circulou em Juiz de Fora e deu aquele al\u00f4 no jantar da Assunta.<\/p>\n<p>Para refletir: \u201cA arte est\u00e1 na causa, na consequ\u00eancia, na defesa, na justi\u00e7a que se faz valer. Est\u00e1 no tempo\u201d. Bom dia.<\/p>\n<p><img loading=\"lazy\" decoding=\"async\" class=\"aligncenter size-full wp-image-122729\" src=\"https:\/\/diarioregionaldigital.com.br\/wp-content\/uploads\/2018\/10\/diario-pagina-05.jpg\" alt=\"\" width=\"3484\" height=\"653\" srcset=\"https:\/\/diarioregionaldigital.com.br\/wp-content\/uploads\/2018\/10\/diario-pagina-05.jpg 3484w, https:\/\/diarioregionaldigital.com.br\/wp-content\/uploads\/2018\/10\/diario-pagina-05-300x56.jpg 300w, https:\/\/diarioregionaldigital.com.br\/wp-content\/uploads\/2018\/10\/diario-pagina-05-768x144.jpg 768w, https:\/\/diarioregionaldigital.com.br\/wp-content\/uploads\/2018\/10\/diario-pagina-05-1024x192.jpg 1024w, https:\/\/diarioregionaldigital.com.br\/wp-content\/uploads\/2018\/10\/diario-pagina-05-360x67.jpg 360w\" sizes=\"auto, (max-width: 3484px) 100vw, 3484px\" \/><\/p>\n","protected":false},"excerpt":{"rendered":"<p>J\u00falia Horta A bel\u00edssima juiz-forana eleita Miss Brasil Emotion 2019 J\u00falia Horta ser\u00e1 homenageada na 6\u00aa feira, 22, \u00e0s 14h30, na C\u00e2mara Municipal de Juiz de Fora e dar\u00e1 coletiva para a imprensa. \u00c0s 16h, ela desfilar\u00e1 no carro do Corpo de Bombeiros em carreata para receber os aplausos de toda a cidade. Persist\u00eancia Mesmo [&hellip;]<\/p>\n","protected":false},"author":96,"featured_media":136443,"comment_status":"closed","ping_status":"closed","sticky":false,"template":"","format":"standard","meta":{"footnotes":""},"categories":[264],"tags":[],"class_list":["post-136511","post","type-post","status-publish","format-standard","has-post-thumbnail","hentry","category-eduardo-gomes"],"_links":{"self":[{"href":"https:\/\/diarioregionaldigital.com.br\/index.php?rest_route=\/wp\/v2\/posts\/136511","targetHints":{"allow":["GET"]}}],"collection":[{"href":"https:\/\/diarioregionaldigital.com.br\/index.php?rest_route=\/wp\/v2\/posts"}],"about":[{"href":"https:\/\/diarioregionaldigital.com.br\/index.php?rest_route=\/wp\/v2\/types\/post"}],"author":[{"embeddable":true,"href":"https:\/\/diarioregionaldigital.com.br\/index.php?rest_route=\/wp\/v2\/users\/96"}],"replies":[{"embeddable":true,"href":"https:\/\/diarioregionaldigital.com.br\/index.php?rest_route=%2Fwp%2Fv2%2Fcomments&post=136511"}],"version-history":[{"count":0,"href":"https:\/\/diarioregionaldigital.com.br\/index.php?rest_route=\/wp\/v2\/posts\/136511\/revisions"}],"wp:featuredmedia":[{"embeddable":true,"href":"https:\/\/diarioregionaldigital.com.br\/index.php?rest_route=\/wp\/v2\/media\/136443"}],"wp:attachment":[{"href":"https:\/\/diarioregionaldigital.com.br\/index.php?rest_route=%2Fwp%2Fv2%2Fmedia&parent=136511"}],"wp:term":[{"taxonomy":"category","embeddable":true,"href":"https:\/\/diarioregionaldigital.com.br\/index.php?rest_route=%2Fwp%2Fv2%2Fcategories&post=136511"},{"taxonomy":"post_tag","embeddable":true,"href":"https:\/\/diarioregionaldigital.com.br\/index.php?rest_route=%2Fwp%2Fv2%2Ftags&post=136511"}],"curies":[{"name":"wp","href":"https:\/\/api.w.org\/{rel}","templated":true}]}}