{"id":136497,"date":"2019-03-24T06:02:14","date_gmt":"2019-03-24T09:02:14","guid":{"rendered":"https:\/\/diarioregionaldigital.com.br\/?p=136497"},"modified":"2019-03-21T19:43:59","modified_gmt":"2019-03-21T22:43:59","slug":"como-aumentar-o-tempo-de-vida-util-do-seu-celular","status":"publish","type":"post","link":"https:\/\/diarioregionaldigital.com.br\/?p=136497","title":{"rendered":"Como aumentar o tempo de vida \u00fatil do seu celular"},"content":{"rendered":"<p>O celular se tornou algo praticamente indispens\u00e1vel, pelo menos para maior parte da popula\u00e7\u00e3o. A cada dia que passa, ficamos mais dependentes deste t\u00e3o pequeno e poderoso aparelhinho, que coloca o \u201cmundo em nossas m\u00e3os\u201d.<\/p>\n<p>Mas o uso cont\u00ednuo do aparelho pode trazer alguns v\u00edcios t\u00e9cnicos, por isso conversamos com o t\u00e9cnico especializado da Emerg\u00eancia do Celular, Rodrigo Ubaldo, que passou algumas dicas para aumentar o prazo de vida \u00fatil do seu aparelho.<\/p>\n<p><strong>Prote\u00e7\u00e3o contra quedas<\/strong><\/p>\n<p>A aplica\u00e7\u00e3o da pel\u00edcula de vidro ou silicone, o uso de capas anti-choque, protege a tela, evitando danific\u00e1-la. \u201cA pel\u00edcula de vidro tem uma vantagem sobre a de silicone, pela durabilidade de n\u00e3o arranhar com tanta facilidade\u201d, ressalva o t\u00e9cnico.<\/p>\n<p><strong>Evitar a carga completa do aparelho<\/strong><\/p>\n<p>O ideal \u00e9 retirar o aparelho do carregador entre 95 e 99%, evitando chegar aos 100%. Deixando o aparelho conectado mais que isso, ele pode ocasionar um aquecimento na bateria, diminuindo o tempo de vida \u00fatil.<\/p>\n<p><strong>Diminuir o brilho da tela<\/strong><\/p>\n<p>A tela do aparelho ligada continuamente contribui para o aquecimento do aparelho para evitar este aquecimento.O ideal \u00e9 o cliente colocar um plano de tela escuro, para diminuir o brilho, minimizando o aquecimento.<\/p>\n<div id=\"attachment_136498\" style=\"width: 510px\" class=\"wp-caption aligncenter\"><img loading=\"lazy\" decoding=\"async\" aria-describedby=\"caption-attachment-136498\" class=\"wp-image-136498 \" src=\"https:\/\/diarioregionaldigital.com.br\/wp-content\/uploads\/2019\/03\/01-RAFAELA-FRUTUOSO-USAR-ESSA-300x200.jpg\" alt=\"\" width=\"500\" height=\"333\" srcset=\"https:\/\/diarioregionaldigital.com.br\/wp-content\/uploads\/2019\/03\/01-RAFAELA-FRUTUOSO-USAR-ESSA-300x200.jpg 300w, https:\/\/diarioregionaldigital.com.br\/wp-content\/uploads\/2019\/03\/01-RAFAELA-FRUTUOSO-USAR-ESSA-768x512.jpg 768w, https:\/\/diarioregionaldigital.com.br\/wp-content\/uploads\/2019\/03\/01-RAFAELA-FRUTUOSO-USAR-ESSA-1024x683.jpg 1024w, https:\/\/diarioregionaldigital.com.br\/wp-content\/uploads\/2019\/03\/01-RAFAELA-FRUTUOSO-USAR-ESSA-360x240.jpg 360w\" sizes=\"auto, (max-width: 500px) 100vw, 500px\" \/><p id=\"caption-attachment-136498\" class=\"wp-caption-text\">Foto: Rafaela Frutuoso<\/p><\/div>\n<p><strong>Evitar o uso do aparelho durante o carregamento<\/strong><\/p>\n<p>O uso do aparelho durante o carregamento contribui para o aquecimento da bateria, causando uma diminui\u00e7\u00e3o no tempo de vida \u00fatil dela, al\u00e9m de trazer outros riscos, como o usu\u00e1rio poder sofrem alguma descarga el\u00e9trica, em casos de rel\u00e2mpagos, ou de danificar o conector de carga devido aos movimentos realizados. Rodrigo explica que, pelo fato do conector ser fr\u00e1gil, ele pode ser danificado facilmente.<\/p>\n<p><strong>Manter a mem\u00f3ria do telefone limpa<\/strong><\/p>\n<p>Manter a mem\u00f3ria limpa do aparelho, voc\u00ea evita o travamento do telefone e evita o aquecimento. Fazer o back-up das fotografias \u00e9 uma alternativa para contribuir na limpeza da mem\u00f3ria, por\u00e9m \u00e9 necess\u00e1rio ter uma aten\u00e7\u00e3o em especial com os aplicativos instalados e mensagens de WhatsApp.<\/p>\n<p>\u201cMuitos clientes chegam aqui na loja, reclamando dos travamentos do aparelho. Quando vou olhar, percebo a quantidade de aplicativo desnecess\u00e1rio instalado no celular\u201d,conta o t\u00e9cnico.<\/p>\n<p>Para celularescom pouca mem\u00f3ria o ideal \u00e9 deixar instalado no aparelho somente aplicativos com uso constante. Aplicativos com uso espor\u00e1dicos, instale apenas no momento em que for usar, desinstalando ap\u00f3s o uso.<\/p>\n<p>Outro vil\u00e3o das mem\u00f3rias s\u00e3o as mensagens de \u00e1udio e v\u00eddeo enviadas pelo WhatsApp. Existem algumas pastas com o nome \u201cSent\u201d que s\u00e3o mensagens (\u00e1udio, foto e v\u00eddeo) enviadas pelo pr\u00f3prio celular. \u00c9 importante verificar sempre essas pastas, justamente para apagar mensagens desnecess\u00e1rias.<\/p>\n<p>Para ter acesso a essas pastas o usu\u00e1rio dever\u00e1 encontrar a pasta \u201cWhatsApp\u201d, seguindo de \u201cMedia\u201d, dentro dessas pastas existir\u00e3o outras, sendo uma para \u00e1udio, documentos, imagens e outras categorias, dentro de cada categoria existir\u00e1 uma pasta \u201cSent\u201d para que voc\u00ea possa analisar o que apagar.<\/p>\n<p><strong>Uso do carregador original<\/strong><\/p>\n<p>O que importa no carregador \u00e9 a corrente e a voltagem. O carregador original \u00e9 produzido para atender um marca e modelo espec\u00edfico de celular. O problema do carregador pirata \u00e9 que muita das vezes ele vem com uma corrente e voltagem descrita que n\u00e3o \u00e9 a real, al\u00e9m de n\u00e3o ser um produto certificado, que pode danificar seu aparelho, aquecendo, ou at\u00e9 mesmo causar um curto-circuito e explodindo.<\/p>\n<p>O uso do carregador veicular ou carregar o aparelho atrav\u00e9s de um USB de um computador n\u00e3o causa preju\u00edzo para o telefone.<\/p>\n<p><strong>N\u00e3o levar o aparelho para o banheiro<\/strong><\/p>\n<p>Muitas pessoas t\u00eam o costume de levar o aparelho para o banheiro, para ouvir m\u00fasicas durante o banho, por\u00e9m essa pr\u00e1tica com o tempo pode danificar seu aparelho. O vapor da \u00e1gua poder\u00e1 entrar no aparelho e danificar a placa.<\/p>\n","protected":false},"excerpt":{"rendered":"<p>O celular se tornou algo praticamente indispens\u00e1vel, pelo menos para maior parte da popula\u00e7\u00e3o. A cada dia que passa, ficamos mais dependentes deste t\u00e3o pequeno e poderoso aparelhinho, que coloca o \u201cmundo em nossas m\u00e3os\u201d. Mas o uso cont\u00ednuo do aparelho pode trazer alguns v\u00edcios t\u00e9cnicos, por isso conversamos com o t\u00e9cnico especializado da Emerg\u00eancia [&hellip;]<\/p>\n","protected":false},"author":96,"featured_media":136499,"comment_status":"closed","ping_status":"closed","sticky":false,"template":"","format":"standard","meta":{"footnotes":""},"categories":[253,436,440,439],"tags":[],"class_list":["post-136497","post","type-post","status-publish","format-standard","has-post-thumbnail","hentry","category-cidade","category-destaque-da-semana","category-destaques-do-dia","category-ultima-hora"],"_links":{"self":[{"href":"https:\/\/diarioregionaldigital.com.br\/index.php?rest_route=\/wp\/v2\/posts\/136497","targetHints":{"allow":["GET"]}}],"collection":[{"href":"https:\/\/diarioregionaldigital.com.br\/index.php?rest_route=\/wp\/v2\/posts"}],"about":[{"href":"https:\/\/diarioregionaldigital.com.br\/index.php?rest_route=\/wp\/v2\/types\/post"}],"author":[{"embeddable":true,"href":"https:\/\/diarioregionaldigital.com.br\/index.php?rest_route=\/wp\/v2\/users\/96"}],"replies":[{"embeddable":true,"href":"https:\/\/diarioregionaldigital.com.br\/index.php?rest_route=%2Fwp%2Fv2%2Fcomments&post=136497"}],"version-history":[{"count":0,"href":"https:\/\/diarioregionaldigital.com.br\/index.php?rest_route=\/wp\/v2\/posts\/136497\/revisions"}],"wp:featuredmedia":[{"embeddable":true,"href":"https:\/\/diarioregionaldigital.com.br\/index.php?rest_route=\/wp\/v2\/media\/136499"}],"wp:attachment":[{"href":"https:\/\/diarioregionaldigital.com.br\/index.php?rest_route=%2Fwp%2Fv2%2Fmedia&parent=136497"}],"wp:term":[{"taxonomy":"category","embeddable":true,"href":"https:\/\/diarioregionaldigital.com.br\/index.php?rest_route=%2Fwp%2Fv2%2Fcategories&post=136497"},{"taxonomy":"post_tag","embeddable":true,"href":"https:\/\/diarioregionaldigital.com.br\/index.php?rest_route=%2Fwp%2Fv2%2Ftags&post=136497"}],"curies":[{"name":"wp","href":"https:\/\/api.w.org\/{rel}","templated":true}]}}