{"id":136493,"date":"2019-03-22T06:01:00","date_gmt":"2019-03-22T09:01:00","guid":{"rendered":"https:\/\/diarioregionaldigital.com.br\/?p=136493"},"modified":"2019-03-21T20:17:48","modified_gmt":"2019-03-21T23:17:48","slug":"rua-sem-pavimentacao-traz-dificuldades-para-moradores-do-previdenciarios","status":"publish","type":"post","link":"https:\/\/diarioregionaldigital.com.br\/?p=136493","title":{"rendered":"Rua sem pavimenta\u00e7\u00e3o traz dificuldades para moradores do Previdenci\u00e1rios"},"content":{"rendered":"<p>Moradores da Rua Danti Mancini, do bairro Previdenci\u00e1rios, zona Sul de Juiz de Fora, reclamam do descaso da Prefeitura de Juiz de Fora (PJF) com a rua. A via que n\u00e3o possui pavimenta\u00e7\u00e3o, vem sendo tomadapor conta dos matos e das crateras que s\u00f3 aumentam com o tr\u00e2nsito de ve\u00edculos e com a chuva.<\/p>\n<p>Segundo o propriet\u00e1rio de um dos terrenos, em 2016, a prefeitura encaminhou uma equipe at\u00e9 o local e realizou algumas melhorias, por\u00e9m os problemas voltaram. Desde ent\u00e3o, os moradores registraram v\u00e1rias reclama\u00e7\u00f5es junto ao \u00f3rg\u00e3o p\u00fablico, mas todas sem sucesso.<\/p>\n<p>No in\u00edcio desde ano, a situa\u00e7\u00e3o se agravou devido a um problema na caixa de esgoto da rua. A \u00e1gua de esgoto transborda pela via, molhando a terra e afundando parte da rua.<\/p>\n<div id=\"attachment_136495\" style=\"width: 466px\" class=\"wp-caption aligncenter\"><img loading=\"lazy\" decoding=\"async\" aria-describedby=\"caption-attachment-136495\" class=\" wp-image-136495\" src=\"https:\/\/diarioregionaldigital.com.br\/wp-content\/uploads\/2019\/03\/ARQUIVO-DIOGO-VICTOR-USAR-ESSA-2-300x169.jpg\" alt=\"\" width=\"456\" height=\"257\" srcset=\"https:\/\/diarioregionaldigital.com.br\/wp-content\/uploads\/2019\/03\/ARQUIVO-DIOGO-VICTOR-USAR-ESSA-2-300x169.jpg 300w, https:\/\/diarioregionaldigital.com.br\/wp-content\/uploads\/2019\/03\/ARQUIVO-DIOGO-VICTOR-USAR-ESSA-2-768x432.jpg 768w, https:\/\/diarioregionaldigital.com.br\/wp-content\/uploads\/2019\/03\/ARQUIVO-DIOGO-VICTOR-USAR-ESSA-2-1024x576.jpg 1024w, https:\/\/diarioregionaldigital.com.br\/wp-content\/uploads\/2019\/03\/ARQUIVO-DIOGO-VICTOR-USAR-ESSA-2-360x203.jpg 360w, https:\/\/diarioregionaldigital.com.br\/wp-content\/uploads\/2019\/03\/ARQUIVO-DIOGO-VICTOR-USAR-ESSA-2.jpg 1040w\" sizes=\"auto, (max-width: 456px) 100vw, 456px\" \/><p id=\"caption-attachment-136495\" class=\"wp-caption-text\">Foto: Arquivo Pessoal<\/p><\/div>\n<p>Na \u00faltima segunda-feira, 18, o trajeto da linha de \u00f4nibus 129 pelo local foi suspenso temporariamente, devido \u00e0 condi\u00e7\u00e3o prec\u00e1ria da rua.<\/p>\n<p>Em nota, a Secretaria de Obras do munic\u00edpio informou que \u201co morador teve o retorno da Prefeitura em todas as solicita\u00e7\u00f5es que ele fez. Foi explicado a ele que o loteamento Terra Nossa n\u00e3o \u00e9 regularizado, por isso, toda a infraestrutura cabe ao loteador\u201d, completando, que ir\u00e1 verificar a possibilidade de efetuar o \u201cpratrolamento da via\u201d.<\/p>\n<p>A Settra informou que a linha 129 teve seu trajeto alterado temporariamente. Devido \u00e0s chuvas dos \u00faltimos dias, os \u00f4nibus estavam deslizando e colocando em risco a vida dos passageiros e trabalhadores da empresa respons\u00e1vel pelo transporte.<\/p>\n<p>A Cesama ir\u00e1 encaminhar uma equipe at\u00e9 o local para verificar o ocorrido.<\/p>\n","protected":false},"excerpt":{"rendered":"<p>Moradores da Rua Danti Mancini, do bairro Previdenci\u00e1rios, zona Sul de Juiz de Fora, reclamam do descaso da Prefeitura de Juiz de Fora (PJF) com a rua. A via que n\u00e3o possui pavimenta\u00e7\u00e3o, vem sendo tomadapor conta dos matos e das crateras que s\u00f3 aumentam com o tr\u00e2nsito de ve\u00edculos e com a chuva. Segundo [&hellip;]<\/p>\n","protected":false},"author":96,"featured_media":136494,"comment_status":"closed","ping_status":"closed","sticky":false,"template":"","format":"standard","meta":{"footnotes":""},"categories":[253,436,440,439],"tags":[],"class_list":["post-136493","post","type-post","status-publish","format-standard","has-post-thumbnail","hentry","category-cidade","category-destaque-da-semana","category-destaques-do-dia","category-ultima-hora"],"_links":{"self":[{"href":"https:\/\/diarioregionaldigital.com.br\/index.php?rest_route=\/wp\/v2\/posts\/136493","targetHints":{"allow":["GET"]}}],"collection":[{"href":"https:\/\/diarioregionaldigital.com.br\/index.php?rest_route=\/wp\/v2\/posts"}],"about":[{"href":"https:\/\/diarioregionaldigital.com.br\/index.php?rest_route=\/wp\/v2\/types\/post"}],"author":[{"embeddable":true,"href":"https:\/\/diarioregionaldigital.com.br\/index.php?rest_route=\/wp\/v2\/users\/96"}],"replies":[{"embeddable":true,"href":"https:\/\/diarioregionaldigital.com.br\/index.php?rest_route=%2Fwp%2Fv2%2Fcomments&post=136493"}],"version-history":[{"count":0,"href":"https:\/\/diarioregionaldigital.com.br\/index.php?rest_route=\/wp\/v2\/posts\/136493\/revisions"}],"wp:featuredmedia":[{"embeddable":true,"href":"https:\/\/diarioregionaldigital.com.br\/index.php?rest_route=\/wp\/v2\/media\/136494"}],"wp:attachment":[{"href":"https:\/\/diarioregionaldigital.com.br\/index.php?rest_route=%2Fwp%2Fv2%2Fmedia&parent=136493"}],"wp:term":[{"taxonomy":"category","embeddable":true,"href":"https:\/\/diarioregionaldigital.com.br\/index.php?rest_route=%2Fwp%2Fv2%2Fcategories&post=136493"},{"taxonomy":"post_tag","embeddable":true,"href":"https:\/\/diarioregionaldigital.com.br\/index.php?rest_route=%2Fwp%2Fv2%2Ftags&post=136493"}],"curies":[{"name":"wp","href":"https:\/\/api.w.org\/{rel}","templated":true}]}}