{"id":136486,"date":"2019-03-22T06:00:17","date_gmt":"2019-03-22T09:00:17","guid":{"rendered":"https:\/\/diarioregionaldigital.com.br\/?p=136486"},"modified":"2019-03-21T18:12:10","modified_gmt":"2019-03-21T21:12:10","slug":"segunda-etapa-do-33o-ranking-de-corridas-de-rua-da-pjf-acontece-no-domingo","status":"publish","type":"post","link":"https:\/\/diarioregionaldigital.com.br\/?p=136486","title":{"rendered":"Segunda etapa do \u201c33\u00ba Ranking de Corridas de Rua da PJF\u201d acontece no domingo"},"content":{"rendered":"<p>Cerca de 1.500 competidores participar\u00e3o da \u201c4\u00aa Corrida Unimed\u201d, no domingo, 24, na segunda etapa do &#8220;Ranking Prefeitura de Juiz de Fora (PJF) de Corridas de Rua&#8221;. O percurso ser\u00e1 de 6,5km de corrida e tr\u00eas de caminhada, com in\u00edcio na Av. Deusdedith Salgado, 3.865, Bairro Salvaterra, em frente ao Hospital Unimed, \u00e0s 8 horas. A disputa infantil, com 115 inscritos, ser\u00e1 no mesmo local e data, com largada \u00e0s 9h30. A distribui\u00e7\u00e3o de kits acontecer\u00e1 no s\u00e1bado, 23, das 10 \u00e0s 18 horas, no Hospital Unimed. A entrega dos chips ser\u00e1 no local da prova, das 6h30 \u00e0s 7h45.<\/p>\n<p>O \u201cRanking de Corridas de Rua de Juiz de Fora\u201d \u00e9 competi\u00e7\u00e3o anual, que contempla corredores de toda a cidade e regi\u00e3o. O evento \u00e9 parceria entre a PJF e a iniciativa privada, sendo que as empresas vencedoras do processo de chamada p\u00fablica podem organizar corridas com o apoio da Secretaria de Esporte e Lazer (SEL), atrav\u00e9s do Departamento de Inicia\u00e7\u00e3o, Forma\u00e7\u00e3o e Rendimento Esportivo.<\/p>\n<p>Para outras informa\u00e7\u00f5es sobre o ranking, o telefone \u00e9 o 3690-7845. O calend\u00e1rio de 2019 e todos os resultados est\u00e3o no site\u00a0<a href=\"https:\/\/pjf.mg.gov.br\/sel\">pjf.mg.gov.br\/sel<\/a>, na aba \u201cCorridas\u201d.<\/p>\n<p>Fonte: Assessoria<\/p>\n","protected":false},"excerpt":{"rendered":"<p>Cerca de 1.500 competidores participar\u00e3o da \u201c4\u00aa Corrida Unimed\u201d, no domingo, 24, na segunda etapa do &#8220;Ranking Prefeitura de Juiz de Fora (PJF) de Corridas de Rua&#8221;. O percurso ser\u00e1 de 6,5km de corrida e tr\u00eas de caminhada, com in\u00edcio na Av. Deusdedith Salgado, 3.865, Bairro Salvaterra, em frente ao Hospital Unimed, \u00e0s 8 horas. [&hellip;]<\/p>\n","protected":false},"author":96,"featured_media":136490,"comment_status":"closed","ping_status":"closed","sticky":false,"template":"","format":"standard","meta":{"footnotes":""},"categories":[253,436,440,439],"tags":[],"class_list":["post-136486","post","type-post","status-publish","format-standard","has-post-thumbnail","hentry","category-cidade","category-destaque-da-semana","category-destaques-do-dia","category-ultima-hora"],"_links":{"self":[{"href":"https:\/\/diarioregionaldigital.com.br\/index.php?rest_route=\/wp\/v2\/posts\/136486","targetHints":{"allow":["GET"]}}],"collection":[{"href":"https:\/\/diarioregionaldigital.com.br\/index.php?rest_route=\/wp\/v2\/posts"}],"about":[{"href":"https:\/\/diarioregionaldigital.com.br\/index.php?rest_route=\/wp\/v2\/types\/post"}],"author":[{"embeddable":true,"href":"https:\/\/diarioregionaldigital.com.br\/index.php?rest_route=\/wp\/v2\/users\/96"}],"replies":[{"embeddable":true,"href":"https:\/\/diarioregionaldigital.com.br\/index.php?rest_route=%2Fwp%2Fv2%2Fcomments&post=136486"}],"version-history":[{"count":0,"href":"https:\/\/diarioregionaldigital.com.br\/index.php?rest_route=\/wp\/v2\/posts\/136486\/revisions"}],"wp:featuredmedia":[{"embeddable":true,"href":"https:\/\/diarioregionaldigital.com.br\/index.php?rest_route=\/wp\/v2\/media\/136490"}],"wp:attachment":[{"href":"https:\/\/diarioregionaldigital.com.br\/index.php?rest_route=%2Fwp%2Fv2%2Fmedia&parent=136486"}],"wp:term":[{"taxonomy":"category","embeddable":true,"href":"https:\/\/diarioregionaldigital.com.br\/index.php?rest_route=%2Fwp%2Fv2%2Fcategories&post=136486"},{"taxonomy":"post_tag","embeddable":true,"href":"https:\/\/diarioregionaldigital.com.br\/index.php?rest_route=%2Fwp%2Fv2%2Ftags&post=136486"}],"curies":[{"name":"wp","href":"https:\/\/api.w.org\/{rel}","templated":true}]}}