{"id":136485,"date":"2019-03-22T06:00:10","date_gmt":"2019-03-22T09:00:10","guid":{"rendered":"https:\/\/diarioregionaldigital.com.br\/?p=136485"},"modified":"2019-03-21T18:09:27","modified_gmt":"2019-03-21T21:09:27","slug":"encontro-de-colecionadores-lanca-reunioes-tematicas","status":"publish","type":"post","link":"https:\/\/diarioregionaldigital.com.br\/?p=136485","title":{"rendered":"\u201cEncontro de Colecionadores\u201d lan\u00e7a reuni\u00f5es tem\u00e1ticas"},"content":{"rendered":"<p>O \u201c42\u00ba Encontro Tradicional de Colecionadores de Juiz de Fora e Regi\u00e3o\u201d ser\u00e1 no s\u00e1bado, 23, na plataforma do Museu Ferrovi\u00e1rio, das 10 \u00e0s 14 horas. A novidade \u00e9 que as reuni\u00f5es, j\u00e1 integrantes do calend\u00e1rio cultural da cidade, ser\u00e3o tem\u00e1ticas a partir desta edi\u00e7\u00e3o, que vai abordar a numism\u00e1tica.<\/p>\n<p>Conforme o presidente do Clube de Colecionadores, Waltencir Costa, todas as pe\u00e7as continuar\u00e3o sendo expostas, mas haver\u00e1 maior destaque para itens referentes ao tema selecionado para cada m\u00eas: \u201cNa edi\u00e7\u00e3o de mar\u00e7o, por exemplo, queremos o maior n\u00famero poss\u00edvel de colecionadores de moedas, c\u00e9dulas e medalhas. Essas pe\u00e7as ficar\u00e3o em destaque, em estande central. No entorno estar\u00e3o as mesas com as demais cole\u00e7\u00f5es\u201d.<\/p>\n<p>Entre os itens que poder\u00e3o ser conferidos estar\u00e3o cart\u00f5es-postais, brinquedos antigos, chaveiros, revistas em quadrinhos, selos (nacionais e estrangeiros) e materiais referentes \u00e0 ferrovia. Cerca de 20 colecionadores de Juiz de Fora e munic\u00edpios vizinhos s\u00e3o esperados para o encontro de s\u00e1bado. O projeto \u00e9 aberto a novos participantes, e os interessados em expor devem fazer contato pr\u00e9vio, pelo telefone 99138-0431.<\/p>\n<p>A entrada no Museu Ferrovi\u00e1rio \u00e9 gratuita, e o estacionamento ser\u00e1 liberado pelo port\u00e3o da Avenida Brasil, 2.001. Os pedestres poder\u00e3o entrar tamb\u00e9m pelo acesso da Pra\u00e7a da Esta\u00e7\u00e3o, na Avenida Francisco Bernardino, em frente \u00e0 Rua Marechal Deodoro.<\/p>\n<p>O encontro \u00e9 promovido pelo Clube dos Colecionadores e pela Sociedade Filat\u00e9lica de Juiz de Fora, com apoio da Prefeitura de Juiz de Fora (PJF), por meio da Funda\u00e7\u00e3o Cultural \u201cAlfredo Ferreira Lage\u201d (Funalfa) e do Museu Ferrovi\u00e1rio.<\/p>\n<p>Fonte: Assessoria<\/p>\n","protected":false},"excerpt":{"rendered":"<p>O \u201c42\u00ba Encontro Tradicional de Colecionadores de Juiz de Fora e Regi\u00e3o\u201d ser\u00e1 no s\u00e1bado, 23, na plataforma do Museu Ferrovi\u00e1rio, das 10 \u00e0s 14 horas. A novidade \u00e9 que as reuni\u00f5es, j\u00e1 integrantes do calend\u00e1rio cultural da cidade, ser\u00e3o tem\u00e1ticas a partir desta edi\u00e7\u00e3o, que vai abordar a numism\u00e1tica. Conforme o presidente do Clube [&hellip;]<\/p>\n","protected":false},"author":96,"featured_media":136487,"comment_status":"closed","ping_status":"closed","sticky":false,"template":"","format":"standard","meta":{"footnotes":""},"categories":[253,436,440,439],"tags":[],"class_list":["post-136485","post","type-post","status-publish","format-standard","has-post-thumbnail","hentry","category-cidade","category-destaque-da-semana","category-destaques-do-dia","category-ultima-hora"],"_links":{"self":[{"href":"https:\/\/diarioregionaldigital.com.br\/index.php?rest_route=\/wp\/v2\/posts\/136485","targetHints":{"allow":["GET"]}}],"collection":[{"href":"https:\/\/diarioregionaldigital.com.br\/index.php?rest_route=\/wp\/v2\/posts"}],"about":[{"href":"https:\/\/diarioregionaldigital.com.br\/index.php?rest_route=\/wp\/v2\/types\/post"}],"author":[{"embeddable":true,"href":"https:\/\/diarioregionaldigital.com.br\/index.php?rest_route=\/wp\/v2\/users\/96"}],"replies":[{"embeddable":true,"href":"https:\/\/diarioregionaldigital.com.br\/index.php?rest_route=%2Fwp%2Fv2%2Fcomments&post=136485"}],"version-history":[{"count":0,"href":"https:\/\/diarioregionaldigital.com.br\/index.php?rest_route=\/wp\/v2\/posts\/136485\/revisions"}],"wp:featuredmedia":[{"embeddable":true,"href":"https:\/\/diarioregionaldigital.com.br\/index.php?rest_route=\/wp\/v2\/media\/136487"}],"wp:attachment":[{"href":"https:\/\/diarioregionaldigital.com.br\/index.php?rest_route=%2Fwp%2Fv2%2Fmedia&parent=136485"}],"wp:term":[{"taxonomy":"category","embeddable":true,"href":"https:\/\/diarioregionaldigital.com.br\/index.php?rest_route=%2Fwp%2Fv2%2Fcategories&post=136485"},{"taxonomy":"post_tag","embeddable":true,"href":"https:\/\/diarioregionaldigital.com.br\/index.php?rest_route=%2Fwp%2Fv2%2Ftags&post=136485"}],"curies":[{"name":"wp","href":"https:\/\/api.w.org\/{rel}","templated":true}]}}