{"id":136482,"date":"2019-03-24T06:00:49","date_gmt":"2019-03-24T09:00:49","guid":{"rendered":"https:\/\/diarioregionaldigital.com.br\/?p=136482"},"modified":"2019-03-21T18:05:13","modified_gmt":"2019-03-21T21:05:13","slug":"abertas-inscricoes-para-a-liga-de-mercado-financeiro","status":"publish","type":"post","link":"https:\/\/diarioregionaldigital.com.br\/?p=136482","title":{"rendered":"Abertas inscri\u00e7\u00f5es para a Liga de Mercado Financeiro"},"content":{"rendered":"<p>Est\u00e1 aberto o processo seletivo para primeira\u00a0Liga de Mercado Financeiro\u00a0da Universidade Federal de Juiz de Fora (UFJF). A iniciativa, desenvolvida pelos alunos do curso de Engenharia Civil, realiza encontros nas salas das faculdades para discuss\u00e3o dos temas estudados entre os membros. As inscri\u00e7\u00f5es j\u00e1 est\u00e3o abertas e v\u00e3o at\u00e9 o pr\u00f3ximo dia 26.<\/p>\n<p>A Liga surgiu em 2018, quando um grupo de\u00a0alunos sentiu a necessidade de se aproximarem do mercado financeiro. Segundo a diretora administrativa Caroline Gon\u00e7alves,\u00a0o\u00a0objetivo do projeto \u00e9 desenvolver a capacidade l\u00f3gica e anal\u00edtica dos estudantes, e ensin\u00e1-los a respeito das diversas maneiras de investir o dinheiro, preparando-os n\u00e3o s\u00f3 para o mercado de trabalho, mas tamb\u00e9m para gerenciarem suas finan\u00e7as pessoais.<\/p>\n<p>Nesse sentido, o processo seletivo foi aberto para continuar o trabalho de estrutura\u00e7\u00e3o e desenvolvimento do projeto. Podem se inscrever alunos da UFJF, dos cursos de Administra\u00e7\u00e3o, Ci\u00eancias Cont\u00e1beis, Economia, Engenharia e Matem\u00e1tica, a partir do primeiro per\u00edodo. Para isso, \u00e9 necess\u00e1rio preencher o\u00a0Formul\u00e1rio de Inscri\u00e7\u00e3o\u00a0e seguir as instru\u00e7\u00f5es do Manual do Candidato.<\/p>\n<p>Os aprovados poder\u00e3o atuar em uma das quatro \u00e1reas de pesquisa do projeto: Opera\u00e7\u00e3o, voltada para m\u00e9trica do mercado financeiro, an\u00e1lises t\u00e9cnicas e fundamentalistas; Finan\u00e7as pessoais, de educa\u00e7\u00e3o financeira, maneiras de utiliza\u00e7\u00e3o eficiente de recursos e formas de se adquirir renda extra; Mercado de trabalho: voltada \u00e0 atua\u00e7\u00e3o como agente do mercado, por meio de estudos necess\u00e1rios para adquirir certifica\u00e7\u00f5es; e Produtos financeiros: produtos de rendas fixa e vari\u00e1vel.<\/p>\n<p>Segundo\u00a0Caroline,\u00a0ap\u00f3s a aprova\u00e7\u00e3o no processo seletivo, ser\u00e1 feito um direcionamento para \u00e1reas de maior interesse do novo membro. A partir da\u00ed, ele ir\u00e1 estudar temas relacionados \u00e0 \u00e1rea, seguindo uma periodicidade definida por todos os participantes. \u201cParalelamente a esse estudo, montaremos um material que ser\u00e1 utilizado para a realiza\u00e7\u00e3o de minicursos.\u201d<\/p>\n<p>O oferecimento de\u00a0minicursos e capacita\u00e7\u00f5es da comunidade \u00e9 o outro bra\u00e7o do projeto. \u201cAinda que outros cursos n\u00e3o sejam abrangidos no processo seletivo, \u00e0 medida em que o grupo avan\u00e7ar nos estudos, pretendemos oferecer minicursos, pois o nosso principal objetivo \u00e9 fazer com que todos, membros da Liga ou n\u00e3o, entendam sobre o mercado financeiro. Queremos ser o suporte dessas pessoas, disseminar conhecimento para que elas possam decidir qual o melhor investimento de acordo com o seu perfil.\u201d<\/p>\n<p>&nbsp;<\/p>\n<p>Fonte: Assessoria<\/p>\n","protected":false},"excerpt":{"rendered":"<p>Est\u00e1 aberto o processo seletivo para primeira\u00a0Liga de Mercado Financeiro\u00a0da Universidade Federal de Juiz de Fora (UFJF). A iniciativa, desenvolvida pelos alunos do curso de Engenharia Civil, realiza encontros nas salas das faculdades para discuss\u00e3o dos temas estudados entre os membros. As inscri\u00e7\u00f5es j\u00e1 est\u00e3o abertas e v\u00e3o at\u00e9 o pr\u00f3ximo dia 26. A Liga [&hellip;]<\/p>\n","protected":false},"author":96,"featured_media":136483,"comment_status":"closed","ping_status":"closed","sticky":false,"template":"","format":"standard","meta":{"footnotes":""},"categories":[253,436,440,439],"tags":[],"class_list":["post-136482","post","type-post","status-publish","format-standard","has-post-thumbnail","hentry","category-cidade","category-destaque-da-semana","category-destaques-do-dia","category-ultima-hora"],"_links":{"self":[{"href":"https:\/\/diarioregionaldigital.com.br\/index.php?rest_route=\/wp\/v2\/posts\/136482","targetHints":{"allow":["GET"]}}],"collection":[{"href":"https:\/\/diarioregionaldigital.com.br\/index.php?rest_route=\/wp\/v2\/posts"}],"about":[{"href":"https:\/\/diarioregionaldigital.com.br\/index.php?rest_route=\/wp\/v2\/types\/post"}],"author":[{"embeddable":true,"href":"https:\/\/diarioregionaldigital.com.br\/index.php?rest_route=\/wp\/v2\/users\/96"}],"replies":[{"embeddable":true,"href":"https:\/\/diarioregionaldigital.com.br\/index.php?rest_route=%2Fwp%2Fv2%2Fcomments&post=136482"}],"version-history":[{"count":0,"href":"https:\/\/diarioregionaldigital.com.br\/index.php?rest_route=\/wp\/v2\/posts\/136482\/revisions"}],"wp:featuredmedia":[{"embeddable":true,"href":"https:\/\/diarioregionaldigital.com.br\/index.php?rest_route=\/wp\/v2\/media\/136483"}],"wp:attachment":[{"href":"https:\/\/diarioregionaldigital.com.br\/index.php?rest_route=%2Fwp%2Fv2%2Fmedia&parent=136482"}],"wp:term":[{"taxonomy":"category","embeddable":true,"href":"https:\/\/diarioregionaldigital.com.br\/index.php?rest_route=%2Fwp%2Fv2%2Fcategories&post=136482"},{"taxonomy":"post_tag","embeddable":true,"href":"https:\/\/diarioregionaldigital.com.br\/index.php?rest_route=%2Fwp%2Fv2%2Ftags&post=136482"}],"curies":[{"name":"wp","href":"https:\/\/api.w.org\/{rel}","templated":true}]}}