{"id":136459,"date":"2019-03-21T17:32:04","date_gmt":"2019-03-21T20:32:04","guid":{"rendered":"https:\/\/diarioregionaldigital.com.br\/?p=136459"},"modified":"2019-03-25T14:11:06","modified_gmt":"2019-03-25T17:11:06","slug":"carreta-tomba-na-br-040","status":"publish","type":"post","link":"https:\/\/diarioregionaldigital.com.br\/?p=136459","title":{"rendered":"Carreta tomba na BR-040"},"content":{"rendered":"<p>Uma carreta que transportava sucata tombou na tarde desta quinta-feira, 21, no km 739, da BR-040, em Santos Dumont. A carga se espalhou na pista. O motorista n\u00e3o ficou ferido.<\/p>\n<p>De acordo com as informa\u00e7\u00f5es da Via-040, concession\u00e1ria que administra a rodovia, o tr\u00e2nsito foi interditado no sentido Belo Horizonte e funciona no sistema de pare e siga no sentido Rio de Janeiro. O tr\u00e1fego apresenta lentid\u00e3o no local. Uma transportadora realiza o transbordo da carga.<\/p>\n<p>Equipes da Pol\u00edcia Rodovi\u00e1ria Federal (PRF) e da Via 040 administram o tr\u00e1fego de ve\u00edculos no local.<\/p>\n","protected":false},"excerpt":{"rendered":"<p>Uma carreta que transportava sucata tombou na tarde desta quinta-feira, 21, no km 739, da BR-040, em Santos Dumont. A carga se espalhou na pista. O motorista n\u00e3o ficou ferido. De acordo com as informa\u00e7\u00f5es da Via-040, concession\u00e1ria que administra a rodovia, o tr\u00e2nsito foi interditado no sentido Belo Horizonte e funciona no sistema de [&hellip;]<\/p>\n","protected":false},"author":96,"featured_media":136460,"comment_status":"closed","ping_status":"closed","sticky":false,"template":"","format":"standard","meta":{"footnotes":""},"categories":[436,440,252,439],"tags":[],"class_list":["post-136459","post","type-post","status-publish","format-standard","has-post-thumbnail","hentry","category-destaque-da-semana","category-destaques-do-dia","category-regiao","category-ultima-hora"],"_links":{"self":[{"href":"https:\/\/diarioregionaldigital.com.br\/index.php?rest_route=\/wp\/v2\/posts\/136459","targetHints":{"allow":["GET"]}}],"collection":[{"href":"https:\/\/diarioregionaldigital.com.br\/index.php?rest_route=\/wp\/v2\/posts"}],"about":[{"href":"https:\/\/diarioregionaldigital.com.br\/index.php?rest_route=\/wp\/v2\/types\/post"}],"author":[{"embeddable":true,"href":"https:\/\/diarioregionaldigital.com.br\/index.php?rest_route=\/wp\/v2\/users\/96"}],"replies":[{"embeddable":true,"href":"https:\/\/diarioregionaldigital.com.br\/index.php?rest_route=%2Fwp%2Fv2%2Fcomments&post=136459"}],"version-history":[{"count":0,"href":"https:\/\/diarioregionaldigital.com.br\/index.php?rest_route=\/wp\/v2\/posts\/136459\/revisions"}],"wp:featuredmedia":[{"embeddable":true,"href":"https:\/\/diarioregionaldigital.com.br\/index.php?rest_route=\/wp\/v2\/media\/136460"}],"wp:attachment":[{"href":"https:\/\/diarioregionaldigital.com.br\/index.php?rest_route=%2Fwp%2Fv2%2Fmedia&parent=136459"}],"wp:term":[{"taxonomy":"category","embeddable":true,"href":"https:\/\/diarioregionaldigital.com.br\/index.php?rest_route=%2Fwp%2Fv2%2Fcategories&post=136459"},{"taxonomy":"post_tag","embeddable":true,"href":"https:\/\/diarioregionaldigital.com.br\/index.php?rest_route=%2Fwp%2Fv2%2Ftags&post=136459"}],"curies":[{"name":"wp","href":"https:\/\/api.w.org\/{rel}","templated":true}]}}