{"id":136440,"date":"2019-03-24T06:00:17","date_gmt":"2019-03-24T09:00:17","guid":{"rendered":"https:\/\/diarioregionaldigital.com.br\/?p=136440"},"modified":"2019-03-21T16:14:24","modified_gmt":"2019-03-21T19:14:24","slug":"fernando-gay-da-fonseca-o-educador","status":"publish","type":"post","link":"https:\/\/diarioregionaldigital.com.br\/?p=136440","title":{"rendered":"FERNANDO GAY DA FONSECA, O EDUCADOR"},"content":{"rendered":"<p>No dia 3 de fevereiro de 2017, numa sexta-feira, o Brasil perdia um de seus grandes educadores: Fernando Gay da Fonseca, aos 93 anos. Nascido em Porto Alegre, formou-se em Ci\u00eancias Jur\u00eddicas e Sociais pela UFRGS (Universidade Federal do Rio Grande do Sul) e p\u00f3s-graduouem Administra\u00e7\u00e3o P\u00fablica e Sociologia pela Universidade de Col\u00fambia, em Nova Iorque. Foi professor, por mais de 40 anos, da PUC-RS (Pontif\u00edcia Universidade Cat\u00f3lica do Rio Grande do Sul), al\u00e9m de ter exercido diversas atividades acad\u00eamicas e profissionais no Brasil e no exterior. Podemos enumerar algumas dessas atua\u00e7\u00f5es: assessor jur\u00eddico (por concurso p\u00fablico), diretor administrativo do Tribunal de Contas do Estado do Rio Grande do Sul, Secret\u00e1rio de Estado dos Neg\u00f3cios do Interior e Justi\u00e7a (respons\u00e1vel pelas secretarias de Educa\u00e7\u00e3o e Cultura) e governador do Estado (em fun\u00e7\u00e3o do licenciamento do ent\u00e3o governador Ildo Meneghetti, na d\u00e9cada de 1960).<\/p>\n<p>Dono de uma cultura que provocava admira\u00e7\u00e3o em todos os que o cercavam, Fernando Gay da Fonseca acabou se aventurando no campo pol\u00edtico, tendo sido eleito deputado e senador. Mais tarde, desenvolveu um bom trabalho como Secret\u00e1rio de Estado dos Neg\u00f3cios do Interior e Justi\u00e7a e como governador do Estado do Rio Grande do Sul. Ele teve tamb\u00e9m a oportunidade de mostrar no exterior as suas qualidades de diplomata, na defesa das quest\u00f5es nacionais, quando integrou, nos anos 1960, a delega\u00e7\u00e3o brasileira na Assembleia Geral das Na\u00e7\u00f5es Unidas. Sem falar em outros encontros e semin\u00e1rios nos continentes africano, asi\u00e1tico e europeu. Essa rotina internacional o levou, inclusive, a residir em Paris, Genebra e Nova Iorque.<\/p>\n<p>Particularmente, gosto de falar sobre as qualidades de Fernando Gay da Fonseca no per\u00edodo em que ele presidiu o antigo Conselho Federal de Educa\u00e7\u00e3o (hoje, Conselho Nacional de Educa\u00e7\u00e3o), num conv\u00edvio prazeroso e produtivo. Ele foi indicado em 1978, passando a integrar a C\u00e2mara de Legisla\u00e7\u00e3o e Normas do Conselho. Em 1986 foi eleito presidente do Conselho, permanecendo na fun\u00e7\u00e3o at\u00e9 o ano de 1989, ano em que teve que assumir outra tarefa gloriosa e edificante: a subchefia da delega\u00e7\u00e3o do Brasil na 40\u00aa Confer\u00eancia Internacional da Educa\u00e7\u00e3o, realizada em Genebra. Ali\u00e1s, durante a sua gest\u00e3o, presidi com muito zelo e cuidado a C\u00e2mara de Ensino Superior desse importante \u00f3rg\u00e3o normativo da educa\u00e7\u00e3o brasileira, no per\u00edodo de 1989 a 1992.<\/p>\n<p>Nos anos 1980 eu fazia parte da dire\u00e7\u00e3o do grupo Bloch, e criamos naquela \u00e9poca o \u201cPr\u00eamio Manchete de Educa\u00e7\u00e3o\u201d, uma homenagem ao Dia do Professor. Dez personalidades representativas de educa\u00e7\u00e3o brasileira eram escolhidas para receber a honraria. Na quarta edi\u00e7\u00e3o do pr\u00eamio, em 1989, Fernando Gay da Fonseca foi um dos agraciados. Em 2003, ele foi eleito para a Academia Brasileira de Educa\u00e7\u00e3o, ocupando a cadeira de n\u00famero quatro, tendo sido recepcionado pela educadora Terezinha Saraiva.<\/p>\n<p>Durante toda a sua exist\u00eancia, Fernando Affonso Gay da Fonseca desenvolveu diversas tarefas e atribui\u00e7\u00f5es, como advogado, secret\u00e1rio de Estado, governador, senador, deputado federal e conselheiro. Mas de uma coisa ele sempre teve certeza: ser lembrado como professor. Isso era o fazia feliz e realizado. \u00c9 essa personalidade que ora recordamos como um preito de justi\u00e7a e saudade.<\/p>\n","protected":false},"excerpt":{"rendered":"<p>No dia 3 de fevereiro de 2017, numa sexta-feira, o Brasil perdia um de seus grandes educadores: Fernando Gay da Fonseca, aos 93 anos. Nascido em Porto Alegre, formou-se em Ci\u00eancias Jur\u00eddicas e Sociais pela UFRGS (Universidade Federal do Rio Grande do Sul) e p\u00f3s-graduouem Administra\u00e7\u00e3o P\u00fablica e Sociologia pela Universidade de Col\u00fambia, em Nova [&hellip;]<\/p>\n","protected":false},"author":96,"featured_media":96753,"comment_status":"closed","ping_status":"closed","sticky":false,"template":"","format":"standard","meta":{"footnotes":""},"categories":[275,435,436,439],"tags":[],"class_list":["post-136440","post","type-post","status-publish","format-standard","has-post-thumbnail","hentry","category-arnaldo-niskier","category-colunas","category-destaque-da-semana","category-ultima-hora"],"_links":{"self":[{"href":"https:\/\/diarioregionaldigital.com.br\/index.php?rest_route=\/wp\/v2\/posts\/136440","targetHints":{"allow":["GET"]}}],"collection":[{"href":"https:\/\/diarioregionaldigital.com.br\/index.php?rest_route=\/wp\/v2\/posts"}],"about":[{"href":"https:\/\/diarioregionaldigital.com.br\/index.php?rest_route=\/wp\/v2\/types\/post"}],"author":[{"embeddable":true,"href":"https:\/\/diarioregionaldigital.com.br\/index.php?rest_route=\/wp\/v2\/users\/96"}],"replies":[{"embeddable":true,"href":"https:\/\/diarioregionaldigital.com.br\/index.php?rest_route=%2Fwp%2Fv2%2Fcomments&post=136440"}],"version-history":[{"count":0,"href":"https:\/\/diarioregionaldigital.com.br\/index.php?rest_route=\/wp\/v2\/posts\/136440\/revisions"}],"wp:featuredmedia":[{"embeddable":true,"href":"https:\/\/diarioregionaldigital.com.br\/index.php?rest_route=\/wp\/v2\/media\/96753"}],"wp:attachment":[{"href":"https:\/\/diarioregionaldigital.com.br\/index.php?rest_route=%2Fwp%2Fv2%2Fmedia&parent=136440"}],"wp:term":[{"taxonomy":"category","embeddable":true,"href":"https:\/\/diarioregionaldigital.com.br\/index.php?rest_route=%2Fwp%2Fv2%2Fcategories&post=136440"},{"taxonomy":"post_tag","embeddable":true,"href":"https:\/\/diarioregionaldigital.com.br\/index.php?rest_route=%2Fwp%2Fv2%2Ftags&post=136440"}],"curies":[{"name":"wp","href":"https:\/\/api.w.org\/{rel}","templated":true}]}}