{"id":136435,"date":"2019-03-24T06:00:55","date_gmt":"2019-03-24T09:00:55","guid":{"rendered":"https:\/\/diarioregionaldigital.com.br\/?p=136435"},"modified":"2019-03-21T16:11:24","modified_gmt":"2019-03-21T19:11:24","slug":"tipos-de-linguagem-2","status":"publish","type":"post","link":"https:\/\/diarioregionaldigital.com.br\/?p=136435","title":{"rendered":"TIPOS DE LINGUAGEM"},"content":{"rendered":"<p>Tudo o que foi codificado em sua mente durante a inf\u00e2ncia ou a adolesc\u00eancia pode ser modificado pela linguagem. Tanto os conceitos quanto os preconceitos sobre os mais variados assuntos, tudo pode mudar!<\/p>\n<p>H\u00e1 um tipo de lin\u00adguagem que gera a\u00e7\u00e3o e outro que n\u00e3o gera a\u00e7\u00e3o.<\/p>\n<p>Se voc\u00ea disser que a sala est\u00e1 quente, por exemplo, isso n\u00e3o modifica em nada a condi\u00e7\u00e3o da sala. Se ela estava quente, continuar\u00e1 quente. J\u00e1, se voc\u00ea pedir para algu\u00e9m abrir a janela, pois a sala est\u00e1 quente, poder\u00e1 haver alguma altera\u00e7\u00e3o, n\u00e3o \u00e9 mesmo? Voc\u00ea n\u00e3o apenas dir\u00e1 alguma coisa, como far\u00e1 uma soli\u00adci\u00adta\u00ad\u00e7\u00e3o.<\/p>\n<p>Solicita\u00e7\u00e3o \u00e9 um tipo de linguagem que gera a\u00e7\u00e3o. E declara\u00e7\u00e3o tamb\u00e9m.<\/p>\n<p>A declara\u00e7\u00e3o \u00e9 um tipo de linguagem que gera a\u00e7\u00e3o, mas \u00e9 preciso ter autoridade para utiliz\u00e1-la. Se um homem e uma mulher comparecem diante de mim para se casar, eu os mandaria procurar um juiz, pois eu n\u00e3o tenho autoridade para isso. Um juiz, por\u00e9m, pode declar\u00e1-los marido e mulher. E mesmo que no minuto seguinte \u00e0 declara\u00e7\u00e3o do juiz um deles diga que mudou de ideia, a declara\u00e7\u00e3o feita pelo juiz j\u00e1 ter\u00e1 mudado a realidade jur\u00eddica daquelas duas pessoas: elas, agora, s\u00e3o marido e mulher. E para mudar essa condi\u00e7\u00e3o, s\u00f3 mesmo uma nova declara\u00e7\u00e3o do juiz em um processo de div\u00f3rcio.<\/p>\n<p>A declara\u00e7\u00e3o cria realidade.<\/p>\n<p>Eu lhe pergunto agora: quem tem mais autoridade sobre voc\u00ea? Voc\u00ea. Quando voc\u00ea tinha 5 anos, eram seus pais. Mas hoje \u00e9 voc\u00ea.<\/p>\n<p>Imagine que voc\u00ea tem 5 anos de idade e um indiv\u00edduo, que tem duas vezes o seu tamanho e cinco vezes o seu peso, aproxima-se e diz que voc\u00ea \u00e9 est\u00fapido. Se voc\u00ea n\u00e3o fosse est\u00fapido, ficaria na hora!<\/p>\n<p>Mas o que \u00e9, nesse exemplo, \u201cser est\u00fapido\u201d? \u00c9 lingua\u00adgem. Ent\u00e3o, se \u00e9 linguagem, isso pode ser recriado aqui e agora.<\/p>\n<p>Hoje, voc\u00ea tem autoridade para declarar o que voc\u00ea \u00e9. E o que voc\u00ea declarar \u00e9 o que passar\u00e1 a ser a sua realidade. Voc\u00ea pode fazer declara\u00e7\u00f5es com rela\u00e7\u00e3o \u00e0qui\u00adlo que voc\u00ea quer ser ou gostaria de ser. Comece logo.<\/p>\n<p>Fa\u00e7a pelo menos cinco declara\u00e7\u00f5es que con\u00adsidere as mais importantes. Vou lhe dar algumas di\u00adcas, que voc\u00ea pode aproveitar, mas pense tamb\u00e9m em outras.<\/p>\n<p>\u2014 Eu declaro que sou inteligente.<\/p>\n<p>\u2014 Eu declaro que sou pr\u00f3spero.<\/p>\n<p>\u2014 Eu declaro que sou a for\u00e7a criadora da minha vida.<\/p>\n<p>\u2014 Eu declaro que sou livre.<\/p>\n<p>\u2014 Eu declaro que sou sincero comigo mesmo.<\/p>\n<p>\u2014 Eu declaro que sou sadio.<\/p>\n<p>Com as suas declara\u00e7\u00f5es, voc\u00ea cria o ser, que vai lev\u00e1-lo a fazer a a\u00e7\u00e3o correspondente e, em consequ\u00eancia, o levar\u00e1 a ter o resultado da sua a\u00e7\u00e3o.<\/p>\n<p>Primeiro voc\u00ea \u00e9, depois voc\u00ea faz, depois voc\u00ea tem.<\/p>\n<p>As pessoas costumam dizer: \u201cAh, se eu tivesse dinheiro, faria o que os ricos fazem\u201d.<\/p>\n<p>N\u00e3o \u00e9 esse o caminho. As coisas funcionam assim:<\/p>\n<p>1\u00ba. Voc\u00ea declara que \u00e9 pr\u00f3spero.<\/p>\n<p>2\u00ba. Voc\u00ea passa a fazer o que as pessoas pr\u00f3speras fazem.<\/p>\n<p>3\u00ba. Voc\u00ea tem prosperidade.<\/p>\n<p>O segredo est\u00e1 na ordem das coisas. N\u00e3o \u00e9 ter-fazer-ser, como a maioria das pessoas pensa, mas ser-fazer-ter. Lembre-se disso.<\/p>\n","protected":false},"excerpt":{"rendered":"<p>Tudo o que foi codificado em sua mente durante a inf\u00e2ncia ou a adolesc\u00eancia pode ser modificado pela linguagem. Tanto os conceitos quanto os preconceitos sobre os mais variados assuntos, tudo pode mudar! H\u00e1 um tipo de lin\u00adguagem que gera a\u00e7\u00e3o e outro que n\u00e3o gera a\u00e7\u00e3o. Se voc\u00ea disser que a sala est\u00e1 quente, [&hellip;]<\/p>\n","protected":false},"author":96,"featured_media":96755,"comment_status":"closed","ping_status":"closed","sticky":false,"template":"","format":"standard","meta":{"footnotes":""},"categories":[435,436,274,439],"tags":[],"class_list":["post-136435","post","type-post","status-publish","format-standard","has-post-thumbnail","hentry","category-colunas","category-destaque-da-semana","category-dr-lair-ribeiro","category-ultima-hora"],"_links":{"self":[{"href":"https:\/\/diarioregionaldigital.com.br\/index.php?rest_route=\/wp\/v2\/posts\/136435","targetHints":{"allow":["GET"]}}],"collection":[{"href":"https:\/\/diarioregionaldigital.com.br\/index.php?rest_route=\/wp\/v2\/posts"}],"about":[{"href":"https:\/\/diarioregionaldigital.com.br\/index.php?rest_route=\/wp\/v2\/types\/post"}],"author":[{"embeddable":true,"href":"https:\/\/diarioregionaldigital.com.br\/index.php?rest_route=\/wp\/v2\/users\/96"}],"replies":[{"embeddable":true,"href":"https:\/\/diarioregionaldigital.com.br\/index.php?rest_route=%2Fwp%2Fv2%2Fcomments&post=136435"}],"version-history":[{"count":0,"href":"https:\/\/diarioregionaldigital.com.br\/index.php?rest_route=\/wp\/v2\/posts\/136435\/revisions"}],"wp:featuredmedia":[{"embeddable":true,"href":"https:\/\/diarioregionaldigital.com.br\/index.php?rest_route=\/wp\/v2\/media\/96755"}],"wp:attachment":[{"href":"https:\/\/diarioregionaldigital.com.br\/index.php?rest_route=%2Fwp%2Fv2%2Fmedia&parent=136435"}],"wp:term":[{"taxonomy":"category","embeddable":true,"href":"https:\/\/diarioregionaldigital.com.br\/index.php?rest_route=%2Fwp%2Fv2%2Fcategories&post=136435"},{"taxonomy":"post_tag","embeddable":true,"href":"https:\/\/diarioregionaldigital.com.br\/index.php?rest_route=%2Fwp%2Fv2%2Ftags&post=136435"}],"curies":[{"name":"wp","href":"https:\/\/api.w.org\/{rel}","templated":true}]}}