{"id":136432,"date":"2019-03-21T15:50:04","date_gmt":"2019-03-21T18:50:04","guid":{"rendered":"https:\/\/diarioregionaldigital.com.br\/?p=136432"},"modified":"2019-03-21T15:50:04","modified_gmt":"2019-03-21T18:50:04","slug":"stf-adia-julgamento-sobre-compartilhamento-de-dados-da-receita-com-mp","status":"publish","type":"post","link":"https:\/\/diarioregionaldigital.com.br\/?p=136432","title":{"rendered":"STF adia julgamento sobre compartilhamento de dados da Receita com MP"},"content":{"rendered":"<p>O Supremo Tribunal Federal (STF) adiou nessa quinta-feira, 21, o julgamento que vai definir se Minist\u00e9rio P\u00fablico (MP) pode obter dados banc\u00e1rios e fiscais da Receita Federal sem autoriza\u00e7\u00e3o judicial. Em todo o pa\u00eds, procuradores usam o procedimento de compartilhamento de dados\u00a0com o Fisco para embasar investiga\u00e7\u00f5es criminais.<\/p>\n<p>O an\u00fancio do adiamento foi feito no in\u00edcio da sess\u00e3o pelo presidente da Corte, ministro Dias Toffoli. O caso n\u00e3o ser\u00e1 julgado porque os ministros precisam encerrar o julgamento inciado na quarta-feira, 20, sobre o pagamento de indeniza\u00e7\u00f5es trabalhistas de empresas p\u00fablicas.<\/p>\n<p>O caso ser\u00e1 decidido em um recurso do qual o Minist\u00e9rio P\u00fablico Federal (MPF) recorreu para derrubar a anula\u00e7\u00e3o de uma a\u00e7\u00e3o penal. A a\u00e7\u00e3o considerou ilegais provas obtidas a partir do compartilhamento de dados sigilosos da Receita com o MP.<\/p>\n<p>Conforme decis\u00e3o proferida pelo Tribunal Regional Federal da 3\u00aa Regi\u00e3o (TRF3), o contribuinte est\u00e1 protegido pelo sigilo de seus dados fiscais, e o repasse de informa\u00e7\u00f5es ao MP somente pode ser feito com autoriza\u00e7\u00e3o judicial, mediante pedido de quebra de sigilo.<\/p>\n<p>Em 2016, a Corte confirmou a previs\u00e3o legal de a Receita poder acessar informa\u00e7\u00f5es banc\u00e1rias sem autoriza\u00e7\u00e3o judicial, com o objetivo de cobrar os devidos impostos. Diante da prerrogativa da Receita, o MP costuma pedir que \u00f3rg\u00e3o fa\u00e7a o compartilhamento para que os dados sejam usados em procedimentos preparat\u00f3rios de investiga\u00e7\u00f5es sobre determinados fatos.<\/p>\n<p>&nbsp;<\/p>\n<p>Fonte: Ag\u00eancia Brasil<\/p>\n","protected":false},"excerpt":{"rendered":"<p>O Supremo Tribunal Federal (STF) adiou nessa quinta-feira, 21, o julgamento que vai definir se Minist\u00e9rio P\u00fablico (MP) pode obter dados banc\u00e1rios e fiscais da Receita Federal sem autoriza\u00e7\u00e3o judicial. Em todo o pa\u00eds, procuradores usam o procedimento de compartilhamento de dados\u00a0com o Fisco para embasar investiga\u00e7\u00f5es criminais. O an\u00fancio do adiamento foi feito no [&hellip;]<\/p>\n","protected":false},"author":96,"featured_media":136433,"comment_status":"closed","ping_status":"closed","sticky":false,"template":"","format":"standard","meta":{"footnotes":""},"categories":[436,254,439],"tags":[],"class_list":["post-136432","post","type-post","status-publish","format-standard","has-post-thumbnail","hentry","category-destaque-da-semana","category-politica","category-ultima-hora"],"_links":{"self":[{"href":"https:\/\/diarioregionaldigital.com.br\/index.php?rest_route=\/wp\/v2\/posts\/136432","targetHints":{"allow":["GET"]}}],"collection":[{"href":"https:\/\/diarioregionaldigital.com.br\/index.php?rest_route=\/wp\/v2\/posts"}],"about":[{"href":"https:\/\/diarioregionaldigital.com.br\/index.php?rest_route=\/wp\/v2\/types\/post"}],"author":[{"embeddable":true,"href":"https:\/\/diarioregionaldigital.com.br\/index.php?rest_route=\/wp\/v2\/users\/96"}],"replies":[{"embeddable":true,"href":"https:\/\/diarioregionaldigital.com.br\/index.php?rest_route=%2Fwp%2Fv2%2Fcomments&post=136432"}],"version-history":[{"count":0,"href":"https:\/\/diarioregionaldigital.com.br\/index.php?rest_route=\/wp\/v2\/posts\/136432\/revisions"}],"wp:featuredmedia":[{"embeddable":true,"href":"https:\/\/diarioregionaldigital.com.br\/index.php?rest_route=\/wp\/v2\/media\/136433"}],"wp:attachment":[{"href":"https:\/\/diarioregionaldigital.com.br\/index.php?rest_route=%2Fwp%2Fv2%2Fmedia&parent=136432"}],"wp:term":[{"taxonomy":"category","embeddable":true,"href":"https:\/\/diarioregionaldigital.com.br\/index.php?rest_route=%2Fwp%2Fv2%2Fcategories&post=136432"},{"taxonomy":"post_tag","embeddable":true,"href":"https:\/\/diarioregionaldigital.com.br\/index.php?rest_route=%2Fwp%2Fv2%2Ftags&post=136432"}],"curies":[{"name":"wp","href":"https:\/\/api.w.org\/{rel}","templated":true}]}}