{"id":136425,"date":"2019-03-21T14:45:59","date_gmt":"2019-03-21T17:45:59","guid":{"rendered":"https:\/\/diarioregionaldigital.com.br\/?p=136425"},"modified":"2019-03-21T14:45:59","modified_gmt":"2019-03-21T17:45:59","slug":"documentos-de-quatro-colecoes-do-museu-serao-digitalizados","status":"publish","type":"post","link":"https:\/\/diarioregionaldigital.com.br\/?p=136425","title":{"rendered":"Documentos de quatro cole\u00e7\u00f5es do Museu ser\u00e3o digitalizados"},"content":{"rendered":"<p>Ap\u00f3s a reorganiza\u00e7\u00e3o de documentos de quatro cole\u00e7\u00f5es do Museu Mariano Proc\u00f3pio, o material ser\u00e1 fotografado e digitalizado. O trabalho feito pelos historiadores do Departamento de Acervo T\u00e9cnico (DAT) gerou quatro invent\u00e1rios com a rela\u00e7\u00e3o de todos os itens, que ser\u00e3o utilizados como instrumento para pesquisadores, al\u00e9m de facilitar a montagem de novas exposi\u00e7\u00f5es. A iniciativa contribui diretamente para preserva\u00e7\u00e3o f\u00edsica do acervo em papel e de seu conte\u00fado. Dentre os itens, cartas, ilustra\u00e7\u00f5es, cart\u00f5es, documentos escritos a m\u00e3o e impress\u00f5es, que v\u00e3o do s\u00e9culo 19 ao 20.<\/p>\n<p>Nessa primeira etapa, ser\u00e3o digitalizados cerca de 698 documentos das cole\u00e7\u00f5es \u201cFam\u00edlia Imperial\u201d e \u201cFam\u00edlia Visconde de Cavalcanti\u201d e, posteriormente, as cole\u00e7\u00f5es \u201cFam\u00edlia Ferreira Lage\u201d e \u201cFam\u00edlia Soares Sampaio\u201d. Ao todo, ser\u00e3o mais de 1.300 arquivos inclu\u00eddos nesse banco de dados. Como j\u00e1 acontece, algumas imagens de documentos s\u00e3o solicitadas para reprodu\u00e7\u00e3o em diversas publica\u00e7\u00f5es, como revistas, e tamb\u00e9m para o uso em atividades em outras institui\u00e7\u00f5es museol\u00f3gicas.<\/p>\n<p>Al\u00e9m da reorganiza\u00e7\u00e3o, os itens passaram por higieniza\u00e7\u00e3o e receberam novas \u201cembalagens\u201d para acondicionamento. Foram produzidas caixas e envelopes confeccionados com material especial, para evitar exposi\u00e7\u00e3o a luz, poeira e umidade. Al\u00e9m disso, o trabalho realizado possibilita o manuseio dos itens sem o contato direto com as m\u00e3os, evitando desgaste e danos. As t\u00e9cnicas e materiais utilizados seguem o mesmo padr\u00e3o adotado pela maioria das chamadas institui\u00e7\u00f5es de mem\u00f3ria, como bibliotecas e museus.<\/p>\n<p>Para destacar a import\u00e2ncia do cuidado com este acervo, a institui\u00e7\u00e3o realizou, em maio de 2018, palestra sobre restaura\u00e7\u00e3o e conserva\u00e7\u00e3o de papel. A atividade, inserida na programa\u00e7\u00e3o especial da \u201cSemana de Museus\u201d, foi ministrada por um dos colaboradores da funda\u00e7\u00e3o, o restaurador e conservador Aloysio Gerheim. A atividade foi realizada no laborat\u00f3rio do Museu e contou com a participa\u00e7\u00e3o de estudantes de diversas gradua\u00e7\u00f5es, professores e interessados no assunto. E, no audit\u00f3rio da sede administrativa, os historiadores do DAT apresentaram os trabalhos realizados nos setores de arquivo fotogr\u00e1fico, arquivo hist\u00f3rico e biblioteca. O departamento conta com um conservador que d\u00e1 suporte a todos os setores.<\/p>\n<p>Os interessados em realizar pesquisas sobre esses e outros itens do acervo podem solicitar ao DAT as informa\u00e7\u00f5es e fazer o agendamento para visitas t\u00e9cnicas, pelo e-mail mapro.dep.acervo@pjf.mg.gov.br ou no portal de servi\u00e7os da Prefeitura de Juiz de Fora PJF.<\/p>\n<p>Fonte: PJF<\/p>\n","protected":false},"excerpt":{"rendered":"<p>Ap\u00f3s a reorganiza\u00e7\u00e3o de documentos de quatro cole\u00e7\u00f5es do Museu Mariano Proc\u00f3pio, o material ser\u00e1 fotografado e digitalizado. O trabalho feito pelos historiadores do Departamento de Acervo T\u00e9cnico (DAT) gerou quatro invent\u00e1rios com a rela\u00e7\u00e3o de todos os itens, que ser\u00e3o utilizados como instrumento para pesquisadores, al\u00e9m de facilitar a montagem de novas exposi\u00e7\u00f5es. A [&hellip;]<\/p>\n","protected":false},"author":96,"featured_media":136426,"comment_status":"closed","ping_status":"closed","sticky":false,"template":"","format":"standard","meta":{"footnotes":""},"categories":[253,436,262,439],"tags":[],"class_list":["post-136425","post","type-post","status-publish","format-standard","has-post-thumbnail","hentry","category-cidade","category-destaque-da-semana","category-noticias","category-ultima-hora"],"_links":{"self":[{"href":"https:\/\/diarioregionaldigital.com.br\/index.php?rest_route=\/wp\/v2\/posts\/136425","targetHints":{"allow":["GET"]}}],"collection":[{"href":"https:\/\/diarioregionaldigital.com.br\/index.php?rest_route=\/wp\/v2\/posts"}],"about":[{"href":"https:\/\/diarioregionaldigital.com.br\/index.php?rest_route=\/wp\/v2\/types\/post"}],"author":[{"embeddable":true,"href":"https:\/\/diarioregionaldigital.com.br\/index.php?rest_route=\/wp\/v2\/users\/96"}],"replies":[{"embeddable":true,"href":"https:\/\/diarioregionaldigital.com.br\/index.php?rest_route=%2Fwp%2Fv2%2Fcomments&post=136425"}],"version-history":[{"count":0,"href":"https:\/\/diarioregionaldigital.com.br\/index.php?rest_route=\/wp\/v2\/posts\/136425\/revisions"}],"wp:featuredmedia":[{"embeddable":true,"href":"https:\/\/diarioregionaldigital.com.br\/index.php?rest_route=\/wp\/v2\/media\/136426"}],"wp:attachment":[{"href":"https:\/\/diarioregionaldigital.com.br\/index.php?rest_route=%2Fwp%2Fv2%2Fmedia&parent=136425"}],"wp:term":[{"taxonomy":"category","embeddable":true,"href":"https:\/\/diarioregionaldigital.com.br\/index.php?rest_route=%2Fwp%2Fv2%2Fcategories&post=136425"},{"taxonomy":"post_tag","embeddable":true,"href":"https:\/\/diarioregionaldigital.com.br\/index.php?rest_route=%2Fwp%2Fv2%2Ftags&post=136425"}],"curies":[{"name":"wp","href":"https:\/\/api.w.org\/{rel}","templated":true}]}}